{"id":11252,"date":"2020-11-17T14:41:47","date_gmt":"2020-11-17T13:41:47","guid":{"rendered":"https:\/\/tereos.com\/?post_type=news&#038;p=11252"},"modified":"2020-12-02T15:01:25","modified_gmt":"2020-12-02T14:01:25","slug":"collecte-annuelle-des-banques-alimentaires-participation-en-hausse","status":"publish","type":"news","link":"https:\/\/tereos.com\/fr\/actualites\/collecte-annuelle-des-banques-alimentaires-participation-en-hausse\/","title":{"rendered":"Collecte annuelle des Banques Alimentaires : participation en hausse"},"author":9,"featured_media":11262,"template":"","categories":[],"class_list":["post-11252","news","type-news","status-publish","has-post-thumbnail","hentry"],"acf":{"cover_image":11262,"cover_clone":{"cover_image":11262},"headline":"Dans un contexte de crise sanitaire et de besoins accrus, les collaborateurs de Tereos ont r\u00e9pondu pr\u00e9sents !","headline_clone":{"headline":"Dans un contexte de crise sanitaire et de besoins accrus, les collaborateurs de Tereos ont r\u00e9pondu pr\u00e9sents !"},"sections":[{"acf_fc_layout":"rich_text","anchor_title":"","text":"<p><strong>En famille, entre amis ou coll\u00e8gues, vous avez r\u00e9pondu pr\u00e9sent\u00a0\u00e0 l\u2019appel des Banques Alimentaires<\/strong>. Le samedi 28 et dimanche 29 novembre, vous vous \u00eates mobilis\u00e9s pour la Collecte Annuelle de l\u2019association et votre engagement a \u00e9t\u00e9 tr\u00e8s appr\u00e9ci\u00e9.<\/p>\n<p><img loading=\"lazy\" decoding=\"async\" class=\" wp-image-11253 aligncenter\" src=\"https:\/\/tereos.com\/app\/uploads\/2020\/12\/encart-01-27.png\" alt=\"\" width=\"568\" height=\"148\" srcset=\"https:\/\/www.tereos.com\/app\/uploads\/2020\/12\/encart-01-27.png 1955w, https:\/\/www.tereos.com\/app\/uploads\/2020\/12\/encart-01-27-300x78.png 300w, https:\/\/www.tereos.com\/app\/uploads\/2020\/12\/encart-01-27-1536x401.png 1536w\" sizes=\"(max-width: 568px) 100vw, 568px\" \/><\/p>\n<p>Chez\u00a0Tereos, <strong>35 b\u00e9n\u00e9voles<\/strong>\u00a0r\u00e9partis sur <strong>une dizaine de communes<\/strong>\u00a0ont rev\u00eatu la chasuble orange de l\u2019association et port\u00e9 haut les couleurs du Groupe. Cette d\u00e9marche s\u2019inscrit dans <a href=\"https:\/\/tereos.com\/fr\/communiques\/tereos-signe-une-convention-de-don-de-sucre-avec-la-federation-francaise-des-banques-alimentaires-ffba\/\" target=\"_blank\" rel=\"noopener\"><strong>le partenariat renforc\u00e9 que nous entretenons avec les Banques Alimentaires<\/strong><\/a> et traduit notre engagement fort aupr\u00e8s de la structure, pour la lutte contre la pr\u00e9carit\u00e9 alimentaire.<\/p>\n<p>De plus, au-del\u00e0 de l\u2019aide apport\u00e9e \u00e0 l\u2019association et \u00e0 ses b\u00e9n\u00e9ficiaires, la collecte nationale est \u00e9galement un moment de partage et de convivialit\u00e9\u00a0:<\/p>\n<p><img loading=\"lazy\" decoding=\"async\" class=\" wp-image-11256 aligncenter\" src=\"https:\/\/tereos.com\/app\/uploads\/2020\/12\/encart-02-23.png\" alt=\"\" width=\"548\" height=\"159\" srcset=\"https:\/\/www.tereos.com\/app\/uploads\/2020\/12\/encart-02-23.png 1955w, https:\/\/www.tereos.com\/app\/uploads\/2020\/12\/encart-02-23-300x87.png 300w, https:\/\/www.tereos.com\/app\/uploads\/2020\/12\/encart-02-23-1536x446.png 1536w\" sizes=\"(max-width: 548px) 100vw, 548px\" \/><\/p>\n<p>Cette ann\u00e9e, l\u2019association avait anticip\u00e9 la baisse de fr\u00e9quentation dans les commerces, en raison de la crise sanitaire. Afin de pallier cette diminution des clients, et donc des dons, <strong>les Banques Alimentaires ont cr\u00e9\u00e9 le site \u00ab\u00a0Mon Panier Solidaire\u00a0\u00bb<\/strong>.<\/p>\n<p>En effet, \u00e0 cause de la pand\u00e9mie et de ses cons\u00e9quences sociales, l&#8217;association a fait face \u00e0 <strong>une demande en hausse de 20 \u00e0 25% d&#8217;aide alimentaire mais aussi \u00e0 une baisse des stocks de 23% <\/strong>par rapport \u00e0 la m\u00eame p\u00e9riode en 2019. Plus que jamais, la solidarit\u00e9 est donc de mise.<\/p>\n<p>La\u00a0plateforme permet de faire un don qui, selon le montant vers\u00e9, sera ensuite transform\u00e9 en panier ou chariot de produits de premi\u00e8re n\u00e9cessit\u00e9 et distribu\u00e9 \u00e0 des b\u00e9n\u00e9ficiaires sous forme de colis alimentaire.<\/p>\n<p><a href=\"https:\/\/monpaniersolidaire.org\/\" target=\"_blank\" rel=\"noopener\"><img loading=\"lazy\" decoding=\"async\" class=\"alignnone size-full wp-image-11259\" src=\"https:\/\/tereos.com\/app\/uploads\/2020\/12\/encart-03-14.png\" alt=\"\" width=\"1955\" height=\"332\" srcset=\"https:\/\/www.tereos.com\/app\/uploads\/2020\/12\/encart-03-14.png 1955w, https:\/\/www.tereos.com\/app\/uploads\/2020\/12\/encart-03-14-300x51.png 300w, https:\/\/www.tereos.com\/app\/uploads\/2020\/12\/encart-03-14-1536x261.png 1536w\" sizes=\"(max-width: 1955px) 100vw, 1955px\" \/><\/a><\/p>\n"}],"flexible_editorial_clone":{"has_anchors":false,"sections":[{"acf_fc_layout":"rich_text","anchor_title":"","text":"<p><strong>En famille, entre amis ou coll\u00e8gues, vous avez r\u00e9pondu pr\u00e9sent\u00a0\u00e0 l\u2019appel des Banques Alimentaires<\/strong>. Le samedi 28 et dimanche 29 novembre, vous vous \u00eates mobilis\u00e9s pour la Collecte Annuelle de l\u2019association et votre engagement a \u00e9t\u00e9 tr\u00e8s appr\u00e9ci\u00e9.<\/p>\n<p><img loading=\"lazy\" decoding=\"async\" class=\" wp-image-11253 aligncenter\" src=\"https:\/\/tereos.com\/app\/uploads\/2020\/12\/encart-01-27.png\" alt=\"\" width=\"568\" height=\"148\" srcset=\"https:\/\/www.tereos.com\/app\/uploads\/2020\/12\/encart-01-27.png 1955w, https:\/\/www.tereos.com\/app\/uploads\/2020\/12\/encart-01-27-300x78.png 300w, https:\/\/www.tereos.com\/app\/uploads\/2020\/12\/encart-01-27-1536x401.png 1536w\" sizes=\"(max-width: 568px) 100vw, 568px\" \/><\/p>\n<p>Chez\u00a0Tereos, <strong>35 b\u00e9n\u00e9voles<\/strong>\u00a0r\u00e9partis sur <strong>une dizaine de communes<\/strong>\u00a0ont rev\u00eatu la chasuble orange de l\u2019association et port\u00e9 haut les couleurs du Groupe. Cette d\u00e9marche s\u2019inscrit dans <a href=\"https:\/\/tereos.com\/fr\/communiques\/tereos-signe-une-convention-de-don-de-sucre-avec-la-federation-francaise-des-banques-alimentaires-ffba\/\" target=\"_blank\" rel=\"noopener\"><strong>le partenariat renforc\u00e9 que nous entretenons avec les Banques Alimentaires<\/strong><\/a> et traduit notre engagement fort aupr\u00e8s de la structure, pour la lutte contre la pr\u00e9carit\u00e9 alimentaire.<\/p>\n<p>De plus, au-del\u00e0 de l\u2019aide apport\u00e9e \u00e0 l\u2019association et \u00e0 ses b\u00e9n\u00e9ficiaires, la collecte nationale est \u00e9galement un moment de partage et de convivialit\u00e9\u00a0:<\/p>\n<p><img loading=\"lazy\" decoding=\"async\" class=\" wp-image-11256 aligncenter\" src=\"https:\/\/tereos.com\/app\/uploads\/2020\/12\/encart-02-23.png\" alt=\"\" width=\"548\" height=\"159\" srcset=\"https:\/\/www.tereos.com\/app\/uploads\/2020\/12\/encart-02-23.png 1955w, https:\/\/www.tereos.com\/app\/uploads\/2020\/12\/encart-02-23-300x87.png 300w, https:\/\/www.tereos.com\/app\/uploads\/2020\/12\/encart-02-23-1536x446.png 1536w\" sizes=\"(max-width: 548px) 100vw, 548px\" \/><\/p>\n<p>Cette ann\u00e9e, l\u2019association avait anticip\u00e9 la baisse de fr\u00e9quentation dans les commerces, en raison de la crise sanitaire. Afin de pallier cette diminution des clients, et donc des dons, <strong>les Banques Alimentaires ont cr\u00e9\u00e9 le site \u00ab\u00a0Mon Panier Solidaire\u00a0\u00bb<\/strong>.<\/p>\n<p>En effet, \u00e0 cause de la pand\u00e9mie et de ses cons\u00e9quences sociales, l&#8217;association a fait face \u00e0 <strong>une demande en hausse de 20 \u00e0 25% d&#8217;aide alimentaire mais aussi \u00e0 une baisse des stocks de 23% <\/strong>par rapport \u00e0 la m\u00eame p\u00e9riode en 2019. Plus que jamais, la solidarit\u00e9 est donc de mise.<\/p>\n<p>La\u00a0plateforme permet de faire un don qui, selon le montant vers\u00e9, sera ensuite transform\u00e9 en panier ou chariot de produits de premi\u00e8re n\u00e9cessit\u00e9 et distribu\u00e9 \u00e0 des b\u00e9n\u00e9ficiaires sous forme de colis alimentaire.<\/p>\n<p><a href=\"https:\/\/monpaniersolidaire.org\/\" target=\"_blank\" rel=\"noopener\"><img loading=\"lazy\" decoding=\"async\" class=\"alignnone size-full wp-image-11259\" src=\"https:\/\/tereos.com\/app\/uploads\/2020\/12\/encart-03-14.png\" alt=\"\" width=\"1955\" height=\"332\" srcset=\"https:\/\/www.tereos.com\/app\/uploads\/2020\/12\/encart-03-14.png 1955w, https:\/\/www.tereos.com\/app\/uploads\/2020\/12\/encart-03-14-300x51.png 300w, https:\/\/www.tereos.com\/app\/uploads\/2020\/12\/encart-03-14-1536x261.png 1536w\" sizes=\"(max-width: 1955px) 100vw, 1955px\" \/><\/a><\/p>\n"}]}},"yoast_head":"<!-- This site is optimized with the Yoast SEO plugin v23.7 - https:\/\/yoast.com\/wordpress\/plugins\/seo\/ -->\n<title>Collecte annuelle des Banques Alimentaires : participation en hausse - Tereos<\/title>\n<meta name=\"robots\" content=\"index, follow, max-snippet:-1, max-image-preview:large, max-video-preview:-1\" \/>\n<link rel=\"canonical\" href=\"https:\/\/tereos.com\/fr\/actualites\/collecte-annuelle-des-banques-alimentaires-participation-en-hausse\/\" \/>\n<meta property=\"og:locale\" content=\"fr_FR\" \/>\n<meta property=\"og:type\" content=\"article\" \/>\n<meta property=\"og:title\" content=\"Collecte annuelle des Banques Alimentaires : participation en hausse - Tereos\" \/>\n<meta property=\"og:url\" content=\"https:\/\/tereos.com\/fr\/actualites\/collecte-annuelle-des-banques-alimentaires-participation-en-hausse\/\" \/>\n<meta property=\"og:site_name\" content=\"Tereos\" \/>\n<meta property=\"article:modified_time\" content=\"2020-12-02T14:01:25+00:00\" \/>\n<meta property=\"og:image\" content=\"https:\/\/www.tereos.com\/app\/uploads\/2020\/12\/sans-titre-1.png\" \/>\n\t<meta property=\"og:image:width\" content=\"1024\" \/>\n\t<meta property=\"og:image:height\" content=\"768\" \/>\n\t<meta property=\"og:image:type\" content=\"image\/png\" \/>\n<meta name=\"twitter:card\" content=\"summary_large_image\" \/>\n<script type=\"application\/ld+json\" class=\"yoast-schema-graph\">{\"@context\":\"https:\/\/schema.org\",\"@graph\":[{\"@type\":\"WebPage\",\"@id\":\"https:\/\/tereos.com\/fr\/actualites\/collecte-annuelle-des-banques-alimentaires-participation-en-hausse\/\",\"url\":\"https:\/\/tereos.com\/fr\/actualites\/collecte-annuelle-des-banques-alimentaires-participation-en-hausse\/\",\"name\":\"Collecte annuelle des Banques Alimentaires : participation en hausse - Tereos\",\"isPartOf\":{\"@id\":\"https:\/\/tereos.com\/en\/#website\"},\"primaryImageOfPage\":{\"@id\":\"https:\/\/tereos.com\/fr\/actualites\/collecte-annuelle-des-banques-alimentaires-participation-en-hausse\/#primaryimage\"},\"image\":{\"@id\":\"https:\/\/tereos.com\/fr\/actualites\/collecte-annuelle-des-banques-alimentaires-participation-en-hausse\/#primaryimage\"},\"thumbnailUrl\":\"https:\/\/www.tereos.com\/app\/uploads\/2020\/12\/sans-titre-1.png\",\"datePublished\":\"2020-11-17T13:41:47+00:00\",\"dateModified\":\"2020-12-02T14:01:25+00:00\",\"breadcrumb\":{\"@id\":\"https:\/\/tereos.com\/fr\/actualites\/collecte-annuelle-des-banques-alimentaires-participation-en-hausse\/#breadcrumb\"},\"inLanguage\":\"fr-FR\",\"potentialAction\":[{\"@type\":\"ReadAction\",\"target\":[\"https:\/\/tereos.com\/fr\/actualites\/collecte-annuelle-des-banques-alimentaires-participation-en-hausse\/\"]}]},{\"@type\":\"ImageObject\",\"inLanguage\":\"fr-FR\",\"@id\":\"https:\/\/tereos.com\/fr\/actualites\/collecte-annuelle-des-banques-alimentaires-participation-en-hausse\/#primaryimage\",\"url\":\"https:\/\/www.tereos.com\/app\/uploads\/2020\/12\/sans-titre-1.png\",\"contentUrl\":\"https:\/\/www.tereos.com\/app\/uploads\/2020\/12\/sans-titre-1.png\",\"width\":1920,\"height\":1440},{\"@type\":\"BreadcrumbList\",\"@id\":\"https:\/\/tereos.com\/fr\/actualites\/collecte-annuelle-des-banques-alimentaires-participation-en-hausse\/#breadcrumb\",\"itemListElement\":[{\"@type\":\"ListItem\",\"position\":1,\"name\":\"Home\",\"item\":\"https:\/\/tereos.com\/fr\/\"},{\"@type\":\"ListItem\",\"position\":2,\"name\":\"Collecte annuelle des Banques Alimentaires : participation en hausse\"}]},{\"@type\":\"WebSite\",\"@id\":\"https:\/\/tereos.com\/en\/#website\",\"url\":\"https:\/\/tereos.com\/en\/\",\"name\":\"Tereos\",\"description\":\"Un site utilisant WordPress\",\"potentialAction\":[{\"@type\":\"SearchAction\",\"target\":{\"@type\":\"EntryPoint\",\"urlTemplate\":\"https:\/\/tereos.com\/en\/?s={search_term_string}\"},\"query-input\":{\"@type\":\"PropertyValueSpecification\",\"valueRequired\":true,\"valueName\":\"search_term_string\"}}],\"inLanguage\":\"fr-FR\"}]}<\/script>\n<!-- \/ Yoast SEO plugin. -->","yoast_head_json":{"title":"Collecte annuelle des Banques Alimentaires : participation en hausse - Tereos","robots":{"index":"index","follow":"follow","max-snippet":"max-snippet:-1","max-image-preview":"max-image-preview:large","max-video-preview":"max-video-preview:-1"},"canonical":"https:\/\/tereos.com\/fr\/actualites\/collecte-annuelle-des-banques-alimentaires-participation-en-hausse\/","og_locale":"fr_FR","og_type":"article","og_title":"Collecte annuelle des Banques Alimentaires : participation en hausse - Tereos","og_url":"https:\/\/tereos.com\/fr\/actualites\/collecte-annuelle-des-banques-alimentaires-participation-en-hausse\/","og_site_name":"Tereos","article_modified_time":"2020-12-02T14:01:25+00:00","og_image":[{"url":"https:\/\/www.tereos.com\/app\/uploads\/2020\/12\/sans-titre-1.png","width":1024,"height":768,"type":"image\/png"}],"twitter_card":"summary_large_image","schema":{"@context":"https:\/\/schema.org","@graph":[{"@type":"WebPage","@id":"https:\/\/tereos.com\/fr\/actualites\/collecte-annuelle-des-banques-alimentaires-participation-en-hausse\/","url":"https:\/\/tereos.com\/fr\/actualites\/collecte-annuelle-des-banques-alimentaires-participation-en-hausse\/","name":"Collecte annuelle des Banques Alimentaires : participation en hausse - Tereos","isPartOf":{"@id":"https:\/\/tereos.com\/en\/#website"},"primaryImageOfPage":{"@id":"https:\/\/tereos.com\/fr\/actualites\/collecte-annuelle-des-banques-alimentaires-participation-en-hausse\/#primaryimage"},"image":{"@id":"https:\/\/tereos.com\/fr\/actualites\/collecte-annuelle-des-banques-alimentaires-participation-en-hausse\/#primaryimage"},"thumbnailUrl":"https:\/\/www.tereos.com\/app\/uploads\/2020\/12\/sans-titre-1.png","datePublished":"2020-11-17T13:41:47+00:00","dateModified":"2020-12-02T14:01:25+00:00","breadcrumb":{"@id":"https:\/\/tereos.com\/fr\/actualites\/collecte-annuelle-des-banques-alimentaires-participation-en-hausse\/#breadcrumb"},"inLanguage":"fr-FR","potentialAction":[{"@type":"ReadAction","target":["https:\/\/tereos.com\/fr\/actualites\/collecte-annuelle-des-banques-alimentaires-participation-en-hausse\/"]}]},{"@type":"ImageObject","inLanguage":"fr-FR","@id":"https:\/\/tereos.com\/fr\/actualites\/collecte-annuelle-des-banques-alimentaires-participation-en-hausse\/#primaryimage","url":"https:\/\/www.tereos.com\/app\/uploads\/2020\/12\/sans-titre-1.png","contentUrl":"https:\/\/www.tereos.com\/app\/uploads\/2020\/12\/sans-titre-1.png","width":1920,"height":1440},{"@type":"BreadcrumbList","@id":"https:\/\/tereos.com\/fr\/actualites\/collecte-annuelle-des-banques-alimentaires-participation-en-hausse\/#breadcrumb","itemListElement":[{"@type":"ListItem","position":1,"name":"Home","item":"https:\/\/tereos.com\/fr\/"},{"@type":"ListItem","position":2,"name":"Collecte annuelle des Banques Alimentaires : participation en hausse"}]},{"@type":"WebSite","@id":"https:\/\/tereos.com\/en\/#website","url":"https:\/\/tereos.com\/en\/","name":"Tereos","description":"Un site utilisant WordPress","potentialAction":[{"@type":"SearchAction","target":{"@type":"EntryPoint","urlTemplate":"https:\/\/tereos.com\/en\/?s={search_term_string}"},"query-input":{"@type":"PropertyValueSpecification","valueRequired":true,"valueName":"search_term_string"}}],"inLanguage":"fr-FR"}]}},"featured_media_src":"https:\/\/www.tereos.com\/app\/uploads\/2020\/12\/sans-titre-1-520x390-c-default.png","date_formatted":"17 novembre 2020 ","_links":{"self":[{"href":"https:\/\/tereos.com\/fr\/wp-json\/wp\/v2\/news\/11252"}],"collection":[{"href":"https:\/\/tereos.com\/fr\/wp-json\/wp\/v2\/news"}],"about":[{"href":"https:\/\/tereos.com\/fr\/wp-json\/wp\/v2\/types\/news"}],"author":[{"embeddable":true,"href":"https:\/\/tereos.com\/fr\/wp-json\/wp\/v2\/users\/9"}],"version-history":[{"count":1,"href":"https:\/\/tereos.com\/fr\/wp-json\/wp\/v2\/news\/11252\/revisions"}],"predecessor-version":[{"id":11265,"href":"https:\/\/tereos.com\/fr\/wp-json\/wp\/v2\/news\/11252\/revisions\/11265"}],"wp:featuredmedia":[{"embeddable":true,"href":"https:\/\/tereos.com\/fr\/wp-json\/wp\/v2\/media\/11262"}],"wp:attachment":[{"href":"https:\/\/tereos.com\/fr\/wp-json\/wp\/v2\/media?parent=11252"}],"wp:term":[{"taxonomy":"category","embeddable":true,"href":"https:\/\/tereos.com\/fr\/wp-json\/wp\/v2\/categories?post=11252"}],"curies":[{"name":"wp","href":"https:\/\/api.w.org\/{rel}","templated":true}]}}