{"id":14126,"date":"2021-10-15T17:29:38","date_gmt":"2021-10-15T15:29:38","guid":{"rendered":"https:\/\/tereos.com\/?post_type=news&#038;p=14126"},"modified":"2021-10-15T18:39:09","modified_gmt":"2021-10-15T16:39:09","slug":"tereos-dans-le-top-50-des-entreprises-preferees-des-jeunes-et-etudiants-francais","status":"publish","type":"news","link":"https:\/\/tereos.com\/fr\/actualites\/tereos-dans-le-top-50-des-entreprises-preferees-des-jeunes-et-etudiants-francais\/","title":{"rendered":"Tereos n\u00b01 des entreprises pr\u00e9f\u00e9r\u00e9es des 18-34 ans dans son secteur"},"author":248,"featured_media":14208,"template":"","categories":[],"class_list":["post-14126","news","type-news","status-publish","has-post-thumbnail","hentry"],"acf":{"cover_image":14208,"cover_clone":{"cover_image":14208},"headline":"Palmar\u00e8s Harris Interactive\u00a0- EPOKA - L\u2019Etudiant : class\u00e9e parmi les 50 entreprises pr\u00e9f\u00e9r\u00e9es des jeunes et des \u00e9tudiants fran\u00e7ais, Tereos est \u00e9galement l'entreprise pr\u00e9f\u00e9r\u00e9e dans le secteur \u201cAgriculture et Coop\u00e9rative\u201d.","headline_clone":{"headline":"Palmar\u00e8s Harris Interactive\u00a0- EPOKA - L\u2019Etudiant : class\u00e9e parmi les 50 entreprises pr\u00e9f\u00e9r\u00e9es des jeunes et des \u00e9tudiants fran\u00e7ais, Tereos est \u00e9galement l'entreprise pr\u00e9f\u00e9r\u00e9e dans le secteur \u201cAgriculture et Coop\u00e9rative\u201d."},"has_anchors":false,"sections":[{"acf_fc_layout":"rich_text","anchor_title":"","text":"<p><span data-contrast=\"auto\"><img loading=\"lazy\" decoding=\"async\" class=\"size-medium wp-image-14155 alignleft\" src=\"https:\/\/tereos.com\/app\/uploads\/2021\/10\/sans-titre-2-300x271.png\" alt=\"\" width=\"300\" height=\"271\" srcset=\"https:\/\/www.tereos.com\/app\/uploads\/2021\/10\/sans-titre-2-300x271.png 300w, https:\/\/www.tereos.com\/app\/uploads\/2021\/10\/sans-titre-2.png 420w\" sizes=\"(max-width: 300px) 100vw, 300px\" \/>En 2021,\u00a0<\/span><span data-contrast=\"none\">le\u00a0cabinet Harris Interactive\u00a0et\u00a0l\u2019agence\u00a0de communication strat\u00e9gique EPOKA\u00a0s\u2019associent au\u00a0journal\u00a0<\/span><i><span data-contrast=\"none\">l\u2019Etudiant\u00a0<\/span><\/i><span data-contrast=\"none\">pour \u00e9diter\u00a0leur\u00a0palmar\u00e8s\u00a0des\u00a0<\/span><b><span data-contrast=\"none\">50 entreprises pr\u00e9f\u00e9r\u00e9es\u00a0<\/span><\/b><b><span data-contrast=\"none\">des jeunes et \u00e9tudiants en France<\/span><\/b><span data-contrast=\"none\">.\u00a0Le\u00a0classement\u00a02021\u00a0r\u00e9v\u00e9l\u00e9\u00a0ce jeudi 14 octobre,<\/span><span data-contrast=\"none\">\u00a0consacre\u00a0Tereos comme\u00a0entreprise pr\u00e9f\u00e9r\u00e9e\u00a0<\/span><span data-contrast=\"auto\">dans la cat\u00e9gorie Agriculture &amp; Coop\u00e9rative. Ce troph\u00e9e t\u00e9moigne de la qualit\u00e9 de la communication men\u00e9e durant la crise sanitaire, d\u00e9montrant la capacit\u00e9 des \u00e9quipes \u00e0 valoriser leur mission : <\/span><span data-contrast=\"none\">r\u00e9pondre durablement aux besoins essentiels du quotidien (alimentation, soins et \u00e9nergies renouvelables) gr\u00e2ce \u00e0 la ressource v\u00e9g\u00e9tale.\u00a0<\/span><\/p>\n<p><img loading=\"lazy\" decoding=\"async\" class=\"aligncenter wp-image-14163\" src=\"https:\/\/tereos.com\/app\/uploads\/2021\/10\/citation-frederic-ganet-fr-300x77.png\" alt=\"\" width=\"900\" height=\"230\" srcset=\"https:\/\/www.tereos.com\/app\/uploads\/2021\/10\/citation-frederic-ganet-fr-300x77.png 300w, https:\/\/www.tereos.com\/app\/uploads\/2021\/10\/citation-frederic-ganet-fr-1536x392.png 1536w, https:\/\/www.tereos.com\/app\/uploads\/2021\/10\/citation-frederic-ganet-fr-2048x522.png 2048w\" sizes=\"(max-width: 900px) 100vw, 900px\" \/><\/p>\n<p><span class=\"TextRun SCXW145637012 BCX0\" lang=\"FR-FR\" xml:lang=\"FR-FR\" data-contrast=\"auto\"><span class=\"NormalTextRun SCXW145637012 BCX0\">Pour illustrer l\u2019engagement formidable des 12 000 agriculteurs coop\u00e9rateurs et des 23 000 collaborateurs du Groupe, <strong>la Direction de la communication a d\u00e9ploy\u00e9 de mars \u00e0 octobre 2020 la campagne #Mobilis\u00e9sSurlEssentiel, fortement suivie sur les r\u00e9seaux sociaux.<\/strong> Un floril\u00e8ge de r\u00e9alisations pratiques et solidaires pour poursuivre l\u2019activit\u00e9 dans les meilleures conditions, du champ \u00e0 la livraison au client.<\/span><\/span><span class=\"EOP SCXW145637012 BCX0\" data-ccp-props=\"{&quot;201341983&quot;:0,&quot;335551550&quot;:6,&quot;335551620&quot;:6,&quot;335559739&quot;:160,&quot;335559740&quot;:276}\">\u00a0<\/span><\/p>\n<p><img loading=\"lazy\" decoding=\"async\" class=\"aligncenter wp-image-14166\" src=\"https:\/\/tereos.com\/app\/uploads\/2021\/10\/citation-gaelle-toussaint-fr-300x74.png\" alt=\"\" width=\"900\" height=\"222\" srcset=\"https:\/\/www.tereos.com\/app\/uploads\/2021\/10\/citation-gaelle-toussaint-fr-300x74.png 300w, https:\/\/www.tereos.com\/app\/uploads\/2021\/10\/citation-gaelle-toussaint-fr-1536x379.png 1536w, https:\/\/www.tereos.com\/app\/uploads\/2021\/10\/citation-gaelle-toussaint-fr-2048x505.png 2048w\" sizes=\"(max-width: 900px) 100vw, 900px\" \/><\/p>\n<p><span class=\"TextRun SCXW39012852 BCX0\" lang=\"FR-FR\" xml:lang=\"FR-FR\" data-contrast=\"none\"><span class=\"NormalTextRun SCXW39012852 BCX0\">C<\/span><span class=\"NormalTextRun SCXW39012852 BCX0\">e n\u2019est pas la premi\u00e8re fois que le Groupe est r\u00e9compens\u00e9 pour son mod\u00e8le, incarn\u00e9 par ses collaborateurs. Nous avions d\u00e9j\u00e0 fait l\u2019objet d\u2019une reconnaissance professionnelle dans la cat\u00e9gorie &#8220;Marque employeur et responsabilit\u00e9 sociale&#8221; des Troph\u00e9es de l&#8217;industrie durable 2020 organis\u00e9s par L&#8217;Usine Nouvelle.<\/span><\/span><span class=\"EOP SCXW39012852 BCX0\" data-ccp-props=\"{&quot;201341983&quot;:0,&quot;335551550&quot;:6,&quot;335551620&quot;:6,&quot;335559739&quot;:160,&quot;335559740&quot;:276}\">\u00a0<\/span><\/p>\n<p><img loading=\"lazy\" decoding=\"async\" class=\"aligncenter wp-image-14128\" src=\"https:\/\/tereos.com\/app\/uploads\/2021\/10\/photo-epoka-300x200.jpg\" alt=\"\" width=\"600\" height=\"400\" srcset=\"https:\/\/www.tereos.com\/app\/uploads\/2021\/10\/photo-epoka-300x200.jpg 300w, https:\/\/www.tereos.com\/app\/uploads\/2021\/10\/photo-epoka.jpg 1024w\" sizes=\"(max-width: 600px) 100vw, 600px\" \/><\/p>\n"}],"flexible_editorial_clone":{"has_anchors":false,"sections":[{"acf_fc_layout":"rich_text","anchor_title":"","text":"<p><span data-contrast=\"auto\"><img loading=\"lazy\" decoding=\"async\" class=\"size-medium wp-image-14155 alignleft\" src=\"https:\/\/tereos.com\/app\/uploads\/2021\/10\/sans-titre-2-300x271.png\" alt=\"\" width=\"300\" height=\"271\" srcset=\"https:\/\/www.tereos.com\/app\/uploads\/2021\/10\/sans-titre-2-300x271.png 300w, https:\/\/www.tereos.com\/app\/uploads\/2021\/10\/sans-titre-2.png 420w\" sizes=\"(max-width: 300px) 100vw, 300px\" \/>En 2021,\u00a0<\/span><span data-contrast=\"none\">le\u00a0cabinet Harris Interactive\u00a0et\u00a0l\u2019agence\u00a0de communication strat\u00e9gique EPOKA\u00a0s\u2019associent au\u00a0journal\u00a0<\/span><i><span data-contrast=\"none\">l\u2019Etudiant\u00a0<\/span><\/i><span data-contrast=\"none\">pour \u00e9diter\u00a0leur\u00a0palmar\u00e8s\u00a0des\u00a0<\/span><b><span data-contrast=\"none\">50 entreprises pr\u00e9f\u00e9r\u00e9es\u00a0<\/span><\/b><b><span data-contrast=\"none\">des jeunes et \u00e9tudiants en France<\/span><\/b><span data-contrast=\"none\">.\u00a0Le\u00a0classement\u00a02021\u00a0r\u00e9v\u00e9l\u00e9\u00a0ce jeudi 14 octobre,<\/span><span data-contrast=\"none\">\u00a0consacre\u00a0Tereos comme\u00a0entreprise pr\u00e9f\u00e9r\u00e9e\u00a0<\/span><span data-contrast=\"auto\">dans la cat\u00e9gorie Agriculture &amp; Coop\u00e9rative. Ce troph\u00e9e t\u00e9moigne de la qualit\u00e9 de la communication men\u00e9e durant la crise sanitaire, d\u00e9montrant la capacit\u00e9 des \u00e9quipes \u00e0 valoriser leur mission : <\/span><span data-contrast=\"none\">r\u00e9pondre durablement aux besoins essentiels du quotidien (alimentation, soins et \u00e9nergies renouvelables) gr\u00e2ce \u00e0 la ressource v\u00e9g\u00e9tale.\u00a0<\/span><\/p>\n<p><img loading=\"lazy\" decoding=\"async\" class=\"aligncenter wp-image-14163\" src=\"https:\/\/tereos.com\/app\/uploads\/2021\/10\/citation-frederic-ganet-fr-300x77.png\" alt=\"\" width=\"900\" height=\"230\" srcset=\"https:\/\/www.tereos.com\/app\/uploads\/2021\/10\/citation-frederic-ganet-fr-300x77.png 300w, https:\/\/www.tereos.com\/app\/uploads\/2021\/10\/citation-frederic-ganet-fr-1536x392.png 1536w, https:\/\/www.tereos.com\/app\/uploads\/2021\/10\/citation-frederic-ganet-fr-2048x522.png 2048w\" sizes=\"(max-width: 900px) 100vw, 900px\" \/><\/p>\n<p><span class=\"TextRun SCXW145637012 BCX0\" lang=\"FR-FR\" xml:lang=\"FR-FR\" data-contrast=\"auto\"><span class=\"NormalTextRun SCXW145637012 BCX0\">Pour illustrer l\u2019engagement formidable des 12 000 agriculteurs coop\u00e9rateurs et des 23 000 collaborateurs du Groupe, <strong>la Direction de la communication a d\u00e9ploy\u00e9 de mars \u00e0 octobre 2020 la campagne #Mobilis\u00e9sSurlEssentiel, fortement suivie sur les r\u00e9seaux sociaux.<\/strong> Un floril\u00e8ge de r\u00e9alisations pratiques et solidaires pour poursuivre l\u2019activit\u00e9 dans les meilleures conditions, du champ \u00e0 la livraison au client.<\/span><\/span><span class=\"EOP SCXW145637012 BCX0\" data-ccp-props=\"{&quot;201341983&quot;:0,&quot;335551550&quot;:6,&quot;335551620&quot;:6,&quot;335559739&quot;:160,&quot;335559740&quot;:276}\">\u00a0<\/span><\/p>\n<p><img loading=\"lazy\" decoding=\"async\" class=\"aligncenter wp-image-14166\" src=\"https:\/\/tereos.com\/app\/uploads\/2021\/10\/citation-gaelle-toussaint-fr-300x74.png\" alt=\"\" width=\"900\" height=\"222\" srcset=\"https:\/\/www.tereos.com\/app\/uploads\/2021\/10\/citation-gaelle-toussaint-fr-300x74.png 300w, https:\/\/www.tereos.com\/app\/uploads\/2021\/10\/citation-gaelle-toussaint-fr-1536x379.png 1536w, https:\/\/www.tereos.com\/app\/uploads\/2021\/10\/citation-gaelle-toussaint-fr-2048x505.png 2048w\" sizes=\"(max-width: 900px) 100vw, 900px\" \/><\/p>\n<p><span class=\"TextRun SCXW39012852 BCX0\" lang=\"FR-FR\" xml:lang=\"FR-FR\" data-contrast=\"none\"><span class=\"NormalTextRun SCXW39012852 BCX0\">C<\/span><span class=\"NormalTextRun SCXW39012852 BCX0\">e n\u2019est pas la premi\u00e8re fois que le Groupe est r\u00e9compens\u00e9 pour son mod\u00e8le, incarn\u00e9 par ses collaborateurs. Nous avions d\u00e9j\u00e0 fait l\u2019objet d\u2019une reconnaissance professionnelle dans la cat\u00e9gorie &#8220;Marque employeur et responsabilit\u00e9 sociale&#8221; des Troph\u00e9es de l&#8217;industrie durable 2020 organis\u00e9s par L&#8217;Usine Nouvelle.<\/span><\/span><span class=\"EOP SCXW39012852 BCX0\" data-ccp-props=\"{&quot;201341983&quot;:0,&quot;335551550&quot;:6,&quot;335551620&quot;:6,&quot;335559739&quot;:160,&quot;335559740&quot;:276}\">\u00a0<\/span><\/p>\n<p><img loading=\"lazy\" decoding=\"async\" class=\"aligncenter wp-image-14128\" src=\"https:\/\/tereos.com\/app\/uploads\/2021\/10\/photo-epoka-300x200.jpg\" alt=\"\" width=\"600\" height=\"400\" srcset=\"https:\/\/www.tereos.com\/app\/uploads\/2021\/10\/photo-epoka-300x200.jpg 300w, https:\/\/www.tereos.com\/app\/uploads\/2021\/10\/photo-epoka.jpg 1024w\" sizes=\"(max-width: 600px) 100vw, 600px\" \/><\/p>\n"}]}},"yoast_head":"<!-- This site is optimized with the Yoast SEO plugin v23.7 - https:\/\/yoast.com\/wordpress\/plugins\/seo\/ -->\n<title>Tereos n\u00b01 des entreprises pr\u00e9f\u00e9r\u00e9es des 18-34 ans dans son secteur - Tereos<\/title>\n<meta name=\"robots\" content=\"index, follow, max-snippet:-1, max-image-preview:large, max-video-preview:-1\" \/>\n<link rel=\"canonical\" href=\"https:\/\/tereos.com\/fr\/actualites\/tereos-dans-le-top-50-des-entreprises-preferees-des-jeunes-et-etudiants-francais\/\" \/>\n<meta property=\"og:locale\" content=\"fr_FR\" \/>\n<meta property=\"og:type\" content=\"article\" \/>\n<meta property=\"og:title\" content=\"Tereos n\u00b01 des entreprises pr\u00e9f\u00e9r\u00e9es des 18-34 ans dans son secteur - Tereos\" \/>\n<meta property=\"og:url\" content=\"https:\/\/tereos.com\/fr\/actualites\/tereos-dans-le-top-50-des-entreprises-preferees-des-jeunes-et-etudiants-francais\/\" \/>\n<meta property=\"og:site_name\" content=\"Tereos\" \/>\n<meta property=\"article:modified_time\" content=\"2021-10-15T16:39:09+00:00\" \/>\n<meta property=\"og:image\" content=\"https:\/\/www.tereos.com\/app\/uploads\/2021\/10\/banniere-com-3.png\" \/>\n\t<meta property=\"og:image:width\" content=\"1024\" \/>\n\t<meta property=\"og:image:height\" content=\"768\" \/>\n\t<meta property=\"og:image:type\" content=\"image\/png\" \/>\n<meta name=\"twitter:card\" content=\"summary_large_image\" \/>\n<script type=\"application\/ld+json\" class=\"yoast-schema-graph\">{\"@context\":\"https:\/\/schema.org\",\"@graph\":[{\"@type\":\"WebPage\",\"@id\":\"https:\/\/tereos.com\/fr\/actualites\/tereos-dans-le-top-50-des-entreprises-preferees-des-jeunes-et-etudiants-francais\/\",\"url\":\"https:\/\/tereos.com\/fr\/actualites\/tereos-dans-le-top-50-des-entreprises-preferees-des-jeunes-et-etudiants-francais\/\",\"name\":\"Tereos n\u00b01 des entreprises pr\u00e9f\u00e9r\u00e9es des 18-34 ans dans son secteur - Tereos\",\"isPartOf\":{\"@id\":\"https:\/\/tereos.com\/en\/#website\"},\"primaryImageOfPage\":{\"@id\":\"https:\/\/tereos.com\/fr\/actualites\/tereos-dans-le-top-50-des-entreprises-preferees-des-jeunes-et-etudiants-francais\/#primaryimage\"},\"image\":{\"@id\":\"https:\/\/tereos.com\/fr\/actualites\/tereos-dans-le-top-50-des-entreprises-preferees-des-jeunes-et-etudiants-francais\/#primaryimage\"},\"thumbnailUrl\":\"https:\/\/www.tereos.com\/app\/uploads\/2021\/10\/banniere-com-3.png\",\"datePublished\":\"2021-10-15T15:29:38+00:00\",\"dateModified\":\"2021-10-15T16:39:09+00:00\",\"breadcrumb\":{\"@id\":\"https:\/\/tereos.com\/fr\/actualites\/tereos-dans-le-top-50-des-entreprises-preferees-des-jeunes-et-etudiants-francais\/#breadcrumb\"},\"inLanguage\":\"fr-FR\",\"potentialAction\":[{\"@type\":\"ReadAction\",\"target\":[\"https:\/\/tereos.com\/fr\/actualites\/tereos-dans-le-top-50-des-entreprises-preferees-des-jeunes-et-etudiants-francais\/\"]}]},{\"@type\":\"ImageObject\",\"inLanguage\":\"fr-FR\",\"@id\":\"https:\/\/tereos.com\/fr\/actualites\/tereos-dans-le-top-50-des-entreprises-preferees-des-jeunes-et-etudiants-francais\/#primaryimage\",\"url\":\"https:\/\/www.tereos.com\/app\/uploads\/2021\/10\/banniere-com-3.png\",\"contentUrl\":\"https:\/\/www.tereos.com\/app\/uploads\/2021\/10\/banniere-com-3.png\",\"width\":1920,\"height\":1440},{\"@type\":\"BreadcrumbList\",\"@id\":\"https:\/\/tereos.com\/fr\/actualites\/tereos-dans-le-top-50-des-entreprises-preferees-des-jeunes-et-etudiants-francais\/#breadcrumb\",\"itemListElement\":[{\"@type\":\"ListItem\",\"position\":1,\"name\":\"Home\",\"item\":\"https:\/\/tereos.com\/fr\/\"},{\"@type\":\"ListItem\",\"position\":2,\"name\":\"Tereos n\u00b01 des entreprises pr\u00e9f\u00e9r\u00e9es des 18-34 ans dans son secteur\"}]},{\"@type\":\"WebSite\",\"@id\":\"https:\/\/tereos.com\/en\/#website\",\"url\":\"https:\/\/tereos.com\/en\/\",\"name\":\"Tereos\",\"description\":\"Un site utilisant WordPress\",\"potentialAction\":[{\"@type\":\"SearchAction\",\"target\":{\"@type\":\"EntryPoint\",\"urlTemplate\":\"https:\/\/tereos.com\/en\/?s={search_term_string}\"},\"query-input\":{\"@type\":\"PropertyValueSpecification\",\"valueRequired\":true,\"valueName\":\"search_term_string\"}}],\"inLanguage\":\"fr-FR\"}]}<\/script>\n<!-- \/ Yoast SEO plugin. -->","yoast_head_json":{"title":"Tereos n\u00b01 des entreprises pr\u00e9f\u00e9r\u00e9es des 18-34 ans dans son secteur - Tereos","robots":{"index":"index","follow":"follow","max-snippet":"max-snippet:-1","max-image-preview":"max-image-preview:large","max-video-preview":"max-video-preview:-1"},"canonical":"https:\/\/tereos.com\/fr\/actualites\/tereos-dans-le-top-50-des-entreprises-preferees-des-jeunes-et-etudiants-francais\/","og_locale":"fr_FR","og_type":"article","og_title":"Tereos n\u00b01 des entreprises pr\u00e9f\u00e9r\u00e9es des 18-34 ans dans son secteur - Tereos","og_url":"https:\/\/tereos.com\/fr\/actualites\/tereos-dans-le-top-50-des-entreprises-preferees-des-jeunes-et-etudiants-francais\/","og_site_name":"Tereos","article_modified_time":"2021-10-15T16:39:09+00:00","og_image":[{"url":"https:\/\/www.tereos.com\/app\/uploads\/2021\/10\/banniere-com-3.png","width":1024,"height":768,"type":"image\/png"}],"twitter_card":"summary_large_image","schema":{"@context":"https:\/\/schema.org","@graph":[{"@type":"WebPage","@id":"https:\/\/tereos.com\/fr\/actualites\/tereos-dans-le-top-50-des-entreprises-preferees-des-jeunes-et-etudiants-francais\/","url":"https:\/\/tereos.com\/fr\/actualites\/tereos-dans-le-top-50-des-entreprises-preferees-des-jeunes-et-etudiants-francais\/","name":"Tereos n\u00b01 des entreprises pr\u00e9f\u00e9r\u00e9es des 18-34 ans dans son secteur - Tereos","isPartOf":{"@id":"https:\/\/tereos.com\/en\/#website"},"primaryImageOfPage":{"@id":"https:\/\/tereos.com\/fr\/actualites\/tereos-dans-le-top-50-des-entreprises-preferees-des-jeunes-et-etudiants-francais\/#primaryimage"},"image":{"@id":"https:\/\/tereos.com\/fr\/actualites\/tereos-dans-le-top-50-des-entreprises-preferees-des-jeunes-et-etudiants-francais\/#primaryimage"},"thumbnailUrl":"https:\/\/www.tereos.com\/app\/uploads\/2021\/10\/banniere-com-3.png","datePublished":"2021-10-15T15:29:38+00:00","dateModified":"2021-10-15T16:39:09+00:00","breadcrumb":{"@id":"https:\/\/tereos.com\/fr\/actualites\/tereos-dans-le-top-50-des-entreprises-preferees-des-jeunes-et-etudiants-francais\/#breadcrumb"},"inLanguage":"fr-FR","potentialAction":[{"@type":"ReadAction","target":["https:\/\/tereos.com\/fr\/actualites\/tereos-dans-le-top-50-des-entreprises-preferees-des-jeunes-et-etudiants-francais\/"]}]},{"@type":"ImageObject","inLanguage":"fr-FR","@id":"https:\/\/tereos.com\/fr\/actualites\/tereos-dans-le-top-50-des-entreprises-preferees-des-jeunes-et-etudiants-francais\/#primaryimage","url":"https:\/\/www.tereos.com\/app\/uploads\/2021\/10\/banniere-com-3.png","contentUrl":"https:\/\/www.tereos.com\/app\/uploads\/2021\/10\/banniere-com-3.png","width":1920,"height":1440},{"@type":"BreadcrumbList","@id":"https:\/\/tereos.com\/fr\/actualites\/tereos-dans-le-top-50-des-entreprises-preferees-des-jeunes-et-etudiants-francais\/#breadcrumb","itemListElement":[{"@type":"ListItem","position":1,"name":"Home","item":"https:\/\/tereos.com\/fr\/"},{"@type":"ListItem","position":2,"name":"Tereos n\u00b01 des entreprises pr\u00e9f\u00e9r\u00e9es des 18-34 ans dans son secteur"}]},{"@type":"WebSite","@id":"https:\/\/tereos.com\/en\/#website","url":"https:\/\/tereos.com\/en\/","name":"Tereos","description":"Un site utilisant WordPress","potentialAction":[{"@type":"SearchAction","target":{"@type":"EntryPoint","urlTemplate":"https:\/\/tereos.com\/en\/?s={search_term_string}"},"query-input":{"@type":"PropertyValueSpecification","valueRequired":true,"valueName":"search_term_string"}}],"inLanguage":"fr-FR"}]}},"featured_media_src":"https:\/\/www.tereos.com\/app\/uploads\/2021\/10\/banniere-com-3-520x390-c-default.png","date_formatted":"15 octobre 2021 ","_links":{"self":[{"href":"https:\/\/tereos.com\/fr\/wp-json\/wp\/v2\/news\/14126"}],"collection":[{"href":"https:\/\/tereos.com\/fr\/wp-json\/wp\/v2\/news"}],"about":[{"href":"https:\/\/tereos.com\/fr\/wp-json\/wp\/v2\/types\/news"}],"author":[{"embeddable":true,"href":"https:\/\/tereos.com\/fr\/wp-json\/wp\/v2\/users\/248"}],"version-history":[{"count":4,"href":"https:\/\/tereos.com\/fr\/wp-json\/wp\/v2\/news\/14126\/revisions"}],"predecessor-version":[{"id":14211,"href":"https:\/\/tereos.com\/fr\/wp-json\/wp\/v2\/news\/14126\/revisions\/14211"}],"wp:featuredmedia":[{"embeddable":true,"href":"https:\/\/tereos.com\/fr\/wp-json\/wp\/v2\/media\/14208"}],"wp:attachment":[{"href":"https:\/\/tereos.com\/fr\/wp-json\/wp\/v2\/media?parent=14126"}],"wp:term":[{"taxonomy":"category","embeddable":true,"href":"https:\/\/tereos.com\/fr\/wp-json\/wp\/v2\/categories?post=14126"}],"curies":[{"name":"wp","href":"https:\/\/api.w.org\/{rel}","templated":true}]}}