{"id":15302,"date":"2022-02-07T19:56:11","date_gmt":"2022-02-07T18:56:11","guid":{"rendered":"https:\/\/tereos.com\/?post_type=news&#038;p=15302"},"modified":"2022-02-07T19:56:11","modified_gmt":"2022-02-07T18:56:11","slug":"tereos-accelere-sa-transformation","status":"publish","type":"news","link":"https:\/\/tereos.com\/fr\/actualites\/tereos-accelere-sa-transformation\/","title":{"rendered":"Tereos acc\u00e9l\u00e8re sa transformation"},"author":248,"featured_media":15303,"template":"","categories":[],"class_list":["post-15302","news","type-news","status-publish","has-post-thumbnail","hentry"],"acf":{"cover_image":15303,"cover_clone":{"cover_image":15303},"headline":"Gwena\u00ebl Eli\u00e8s nomm\u00e9 pr\u00e9sident du Directoire par interim ","headline_clone":{"headline":"Gwena\u00ebl Eli\u00e8s nomm\u00e9 pr\u00e9sident du Directoire par interim "},"has_anchors":false,"sections":[{"acf_fc_layout":"rich_text","anchor_title":"","text":"<p><span data-contrast=\"auto\">Lors de sa r\u00e9union du 7 f\u00e9vrier 2022, le Conseil de surveillance de Tereos SCA a d\u00e9cid\u00e9, \u00e0 l\u2019unanimit\u00e9, d\u2019acc\u00e9l\u00e9rer la transformation du Groupe initi\u00e9e en d\u00e9cembre 2020 qui repose sur trois axes de cr\u00e9ation de valeur : l\u2019Excellence manag\u00e9riale, l\u2019Excellence commerciale et l\u2019Excellence industrielle.<\/span><span data-ccp-props=\"{&quot;134233117&quot;:true,&quot;134233118&quot;:true,&quot;201341983&quot;:0,&quot;335551550&quot;:6,&quot;335551620&quot;:6,&quot;335559740&quot;:240,&quot;469777462&quot;:[5245,5245],&quot;469777927&quot;:[0,0],&quot;469777928&quot;:[0,1]}\">\u00a0<\/span><\/p>\n<p><span data-contrast=\"auto\">Au cours des 12 derniers mois et sous l\u2019impulsion de Philippe de Raynal, Tereos a mis en place une nouvelle strat\u00e9gie qui a permis d\u2019engager r\u00e9solument le Groupe sur la voie du redressement financier. La phase qui s\u2019ouvre d\u00e9sormais doit permettre de d\u00e9livrer les priorit\u00e9s op\u00e9rationnelles attendues \u00e0 court et moyen terme gr\u00e2ce \u00e0 une ex\u00e9cution plus agile et cibl\u00e9e.<\/span><span data-ccp-props=\"{&quot;134233117&quot;:true,&quot;134233118&quot;:true,&quot;201341983&quot;:0,&quot;335551550&quot;:6,&quot;335551620&quot;:6,&quot;335559740&quot;:240,&quot;469777462&quot;:[5245,5245],&quot;469777927&quot;:[0,0],&quot;469777928&quot;:[0,1]}\">\u00a0<\/span><\/p>\n<p><span data-contrast=\"auto\">A ce titre, le Conseil de surveillance confie la pr\u00e9sidence du Directoire par int\u00e9rim \u00e0 Gwena\u00ebl Eli\u00e8s en remplacement de Philippe de Raynal, qui quitte l\u2019entreprise. Dans l\u2019attente de l\u2019arriv\u00e9e d\u2019un nouveau dirigeant, Gwena\u00ebl Eli\u00e8s continuera d\u2019assurer, dans le m\u00eame temps, ses fonctions de directeur financier du Groupe.<\/span><span data-ccp-props=\"{&quot;134233117&quot;:true,&quot;134233118&quot;:true,&quot;201341983&quot;:0,&quot;335551550&quot;:6,&quot;335551620&quot;:6,&quot;335559740&quot;:240,&quot;469777462&quot;:[5245,5245],&quot;469777927&quot;:[0,0],&quot;469777928&quot;:[0,1]}\">\u00a0<\/span><\/p>\n<p><span data-contrast=\"auto\">G\u00e9rard Clay, pr\u00e9sident du Conseil de surveillance, a d\u00e9clar\u00e9 : \u00ab\u202f<\/span><i><span data-contrast=\"auto\">Avec l\u2019appui de Gwena\u00ebl Eli\u00e8s, Philippe de Raynal a initi\u00e9 une feuille de route ambitieuse visant \u00e0 redresser la profitabilit\u00e9 de Tereos, \u00e0 accentuer son d\u00e9sendettement et \u00e0 renforcer ses positions commerciales. Beaucoup reste \u00e0 faire pour restituer \u00e0 Tereos la place qui lui revient, et le prochain pr\u00e9sident du Directoire aura pour mission d\u2019approfondir cette dynamique.\u202f<\/span><\/i><span data-contrast=\"auto\">\u00bb<\/span><span data-ccp-props=\"{&quot;134233117&quot;:true,&quot;134233118&quot;:true,&quot;201341983&quot;:0,&quot;335551550&quot;:6,&quot;335551620&quot;:6,&quot;335559740&quot;:240,&quot;469777462&quot;:[5245,5245],&quot;469777927&quot;:[0,0],&quot;469777928&quot;:[0,1]}\">\u00a0<\/span><\/p>\n"}],"flexible_editorial_clone":{"has_anchors":false,"sections":[{"acf_fc_layout":"rich_text","anchor_title":"","text":"<p><span data-contrast=\"auto\">Lors de sa r\u00e9union du 7 f\u00e9vrier 2022, le Conseil de surveillance de Tereos SCA a d\u00e9cid\u00e9, \u00e0 l\u2019unanimit\u00e9, d\u2019acc\u00e9l\u00e9rer la transformation du Groupe initi\u00e9e en d\u00e9cembre 2020 qui repose sur trois axes de cr\u00e9ation de valeur : l\u2019Excellence manag\u00e9riale, l\u2019Excellence commerciale et l\u2019Excellence industrielle.<\/span><span data-ccp-props=\"{&quot;134233117&quot;:true,&quot;134233118&quot;:true,&quot;201341983&quot;:0,&quot;335551550&quot;:6,&quot;335551620&quot;:6,&quot;335559740&quot;:240,&quot;469777462&quot;:[5245,5245],&quot;469777927&quot;:[0,0],&quot;469777928&quot;:[0,1]}\">\u00a0<\/span><\/p>\n<p><span data-contrast=\"auto\">Au cours des 12 derniers mois et sous l\u2019impulsion de Philippe de Raynal, Tereos a mis en place une nouvelle strat\u00e9gie qui a permis d\u2019engager r\u00e9solument le Groupe sur la voie du redressement financier. La phase qui s\u2019ouvre d\u00e9sormais doit permettre de d\u00e9livrer les priorit\u00e9s op\u00e9rationnelles attendues \u00e0 court et moyen terme gr\u00e2ce \u00e0 une ex\u00e9cution plus agile et cibl\u00e9e.<\/span><span data-ccp-props=\"{&quot;134233117&quot;:true,&quot;134233118&quot;:true,&quot;201341983&quot;:0,&quot;335551550&quot;:6,&quot;335551620&quot;:6,&quot;335559740&quot;:240,&quot;469777462&quot;:[5245,5245],&quot;469777927&quot;:[0,0],&quot;469777928&quot;:[0,1]}\">\u00a0<\/span><\/p>\n<p><span data-contrast=\"auto\">A ce titre, le Conseil de surveillance confie la pr\u00e9sidence du Directoire par int\u00e9rim \u00e0 Gwena\u00ebl Eli\u00e8s en remplacement de Philippe de Raynal, qui quitte l\u2019entreprise. Dans l\u2019attente de l\u2019arriv\u00e9e d\u2019un nouveau dirigeant, Gwena\u00ebl Eli\u00e8s continuera d\u2019assurer, dans le m\u00eame temps, ses fonctions de directeur financier du Groupe.<\/span><span data-ccp-props=\"{&quot;134233117&quot;:true,&quot;134233118&quot;:true,&quot;201341983&quot;:0,&quot;335551550&quot;:6,&quot;335551620&quot;:6,&quot;335559740&quot;:240,&quot;469777462&quot;:[5245,5245],&quot;469777927&quot;:[0,0],&quot;469777928&quot;:[0,1]}\">\u00a0<\/span><\/p>\n<p><span data-contrast=\"auto\">G\u00e9rard Clay, pr\u00e9sident du Conseil de surveillance, a d\u00e9clar\u00e9 : \u00ab\u202f<\/span><i><span data-contrast=\"auto\">Avec l\u2019appui de Gwena\u00ebl Eli\u00e8s, Philippe de Raynal a initi\u00e9 une feuille de route ambitieuse visant \u00e0 redresser la profitabilit\u00e9 de Tereos, \u00e0 accentuer son d\u00e9sendettement et \u00e0 renforcer ses positions commerciales. Beaucoup reste \u00e0 faire pour restituer \u00e0 Tereos la place qui lui revient, et le prochain pr\u00e9sident du Directoire aura pour mission d\u2019approfondir cette dynamique.\u202f<\/span><\/i><span data-contrast=\"auto\">\u00bb<\/span><span data-ccp-props=\"{&quot;134233117&quot;:true,&quot;134233118&quot;:true,&quot;201341983&quot;:0,&quot;335551550&quot;:6,&quot;335551620&quot;:6,&quot;335559740&quot;:240,&quot;469777462&quot;:[5245,5245],&quot;469777927&quot;:[0,0],&quot;469777928&quot;:[0,1]}\">\u00a0<\/span><\/p>\n"}]}},"yoast_head":"<!-- This site is optimized with the Yoast SEO plugin v23.7 - https:\/\/yoast.com\/wordpress\/plugins\/seo\/ -->\n<title>Tereos acc\u00e9l\u00e8re sa transformation - Tereos<\/title>\n<meta name=\"robots\" content=\"index, follow, max-snippet:-1, max-image-preview:large, max-video-preview:-1\" \/>\n<link rel=\"canonical\" href=\"https:\/\/tereos.com\/fr\/actualites\/tereos-accelere-sa-transformation\/\" \/>\n<meta property=\"og:locale\" content=\"fr_FR\" \/>\n<meta property=\"og:type\" content=\"article\" \/>\n<meta property=\"og:title\" content=\"Tereos acc\u00e9l\u00e8re sa transformation - Tereos\" \/>\n<meta property=\"og:url\" content=\"https:\/\/tereos.com\/fr\/actualites\/tereos-accelere-sa-transformation\/\" \/>\n<meta property=\"og:site_name\" content=\"Tereos\" \/>\n<meta property=\"og:image\" content=\"https:\/\/www.tereos.com\/app\/uploads\/2022\/02\/sans-titre-1.png\" \/>\n\t<meta property=\"og:image:width\" content=\"1024\" \/>\n\t<meta property=\"og:image:height\" content=\"768\" \/>\n\t<meta property=\"og:image:type\" content=\"image\/png\" \/>\n<meta name=\"twitter:card\" content=\"summary_large_image\" \/>\n<script type=\"application\/ld+json\" class=\"yoast-schema-graph\">{\"@context\":\"https:\/\/schema.org\",\"@graph\":[{\"@type\":\"WebPage\",\"@id\":\"https:\/\/tereos.com\/fr\/actualites\/tereos-accelere-sa-transformation\/\",\"url\":\"https:\/\/tereos.com\/fr\/actualites\/tereos-accelere-sa-transformation\/\",\"name\":\"Tereos acc\u00e9l\u00e8re sa transformation - Tereos\",\"isPartOf\":{\"@id\":\"https:\/\/tereos.com\/en\/#website\"},\"primaryImageOfPage\":{\"@id\":\"https:\/\/tereos.com\/fr\/actualites\/tereos-accelere-sa-transformation\/#primaryimage\"},\"image\":{\"@id\":\"https:\/\/tereos.com\/fr\/actualites\/tereos-accelere-sa-transformation\/#primaryimage\"},\"thumbnailUrl\":\"https:\/\/www.tereos.com\/app\/uploads\/2022\/02\/sans-titre-1.png\",\"datePublished\":\"2022-02-07T18:56:11+00:00\",\"dateModified\":\"2022-02-07T18:56:11+00:00\",\"breadcrumb\":{\"@id\":\"https:\/\/tereos.com\/fr\/actualites\/tereos-accelere-sa-transformation\/#breadcrumb\"},\"inLanguage\":\"fr-FR\",\"potentialAction\":[{\"@type\":\"ReadAction\",\"target\":[\"https:\/\/tereos.com\/fr\/actualites\/tereos-accelere-sa-transformation\/\"]}]},{\"@type\":\"ImageObject\",\"inLanguage\":\"fr-FR\",\"@id\":\"https:\/\/tereos.com\/fr\/actualites\/tereos-accelere-sa-transformation\/#primaryimage\",\"url\":\"https:\/\/www.tereos.com\/app\/uploads\/2022\/02\/sans-titre-1.png\",\"contentUrl\":\"https:\/\/www.tereos.com\/app\/uploads\/2022\/02\/sans-titre-1.png\",\"width\":1920,\"height\":1440},{\"@type\":\"BreadcrumbList\",\"@id\":\"https:\/\/tereos.com\/fr\/actualites\/tereos-accelere-sa-transformation\/#breadcrumb\",\"itemListElement\":[{\"@type\":\"ListItem\",\"position\":1,\"name\":\"Home\",\"item\":\"https:\/\/tereos.com\/fr\/\"},{\"@type\":\"ListItem\",\"position\":2,\"name\":\"Tereos acc\u00e9l\u00e8re sa transformation\"}]},{\"@type\":\"WebSite\",\"@id\":\"https:\/\/tereos.com\/en\/#website\",\"url\":\"https:\/\/tereos.com\/en\/\",\"name\":\"Tereos\",\"description\":\"Un site utilisant WordPress\",\"potentialAction\":[{\"@type\":\"SearchAction\",\"target\":{\"@type\":\"EntryPoint\",\"urlTemplate\":\"https:\/\/tereos.com\/en\/?s={search_term_string}\"},\"query-input\":{\"@type\":\"PropertyValueSpecification\",\"valueRequired\":true,\"valueName\":\"search_term_string\"}}],\"inLanguage\":\"fr-FR\"}]}<\/script>\n<!-- \/ Yoast SEO plugin. -->","yoast_head_json":{"title":"Tereos acc\u00e9l\u00e8re sa transformation - Tereos","robots":{"index":"index","follow":"follow","max-snippet":"max-snippet:-1","max-image-preview":"max-image-preview:large","max-video-preview":"max-video-preview:-1"},"canonical":"https:\/\/tereos.com\/fr\/actualites\/tereos-accelere-sa-transformation\/","og_locale":"fr_FR","og_type":"article","og_title":"Tereos acc\u00e9l\u00e8re sa transformation - Tereos","og_url":"https:\/\/tereos.com\/fr\/actualites\/tereos-accelere-sa-transformation\/","og_site_name":"Tereos","og_image":[{"url":"https:\/\/www.tereos.com\/app\/uploads\/2022\/02\/sans-titre-1.png","width":1024,"height":768,"type":"image\/png"}],"twitter_card":"summary_large_image","schema":{"@context":"https:\/\/schema.org","@graph":[{"@type":"WebPage","@id":"https:\/\/tereos.com\/fr\/actualites\/tereos-accelere-sa-transformation\/","url":"https:\/\/tereos.com\/fr\/actualites\/tereos-accelere-sa-transformation\/","name":"Tereos acc\u00e9l\u00e8re sa transformation - Tereos","isPartOf":{"@id":"https:\/\/tereos.com\/en\/#website"},"primaryImageOfPage":{"@id":"https:\/\/tereos.com\/fr\/actualites\/tereos-accelere-sa-transformation\/#primaryimage"},"image":{"@id":"https:\/\/tereos.com\/fr\/actualites\/tereos-accelere-sa-transformation\/#primaryimage"},"thumbnailUrl":"https:\/\/www.tereos.com\/app\/uploads\/2022\/02\/sans-titre-1.png","datePublished":"2022-02-07T18:56:11+00:00","dateModified":"2022-02-07T18:56:11+00:00","breadcrumb":{"@id":"https:\/\/tereos.com\/fr\/actualites\/tereos-accelere-sa-transformation\/#breadcrumb"},"inLanguage":"fr-FR","potentialAction":[{"@type":"ReadAction","target":["https:\/\/tereos.com\/fr\/actualites\/tereos-accelere-sa-transformation\/"]}]},{"@type":"ImageObject","inLanguage":"fr-FR","@id":"https:\/\/tereos.com\/fr\/actualites\/tereos-accelere-sa-transformation\/#primaryimage","url":"https:\/\/www.tereos.com\/app\/uploads\/2022\/02\/sans-titre-1.png","contentUrl":"https:\/\/www.tereos.com\/app\/uploads\/2022\/02\/sans-titre-1.png","width":1920,"height":1440},{"@type":"BreadcrumbList","@id":"https:\/\/tereos.com\/fr\/actualites\/tereos-accelere-sa-transformation\/#breadcrumb","itemListElement":[{"@type":"ListItem","position":1,"name":"Home","item":"https:\/\/tereos.com\/fr\/"},{"@type":"ListItem","position":2,"name":"Tereos acc\u00e9l\u00e8re sa transformation"}]},{"@type":"WebSite","@id":"https:\/\/tereos.com\/en\/#website","url":"https:\/\/tereos.com\/en\/","name":"Tereos","description":"Un site utilisant WordPress","potentialAction":[{"@type":"SearchAction","target":{"@type":"EntryPoint","urlTemplate":"https:\/\/tereos.com\/en\/?s={search_term_string}"},"query-input":{"@type":"PropertyValueSpecification","valueRequired":true,"valueName":"search_term_string"}}],"inLanguage":"fr-FR"}]}},"featured_media_src":"https:\/\/www.tereos.com\/app\/uploads\/2022\/02\/sans-titre-1-520x390-c-default.png","date_formatted":"7 f\u00e9vrier 2022 ","_links":{"self":[{"href":"https:\/\/tereos.com\/fr\/wp-json\/wp\/v2\/news\/15302"}],"collection":[{"href":"https:\/\/tereos.com\/fr\/wp-json\/wp\/v2\/news"}],"about":[{"href":"https:\/\/tereos.com\/fr\/wp-json\/wp\/v2\/types\/news"}],"author":[{"embeddable":true,"href":"https:\/\/tereos.com\/fr\/wp-json\/wp\/v2\/users\/248"}],"version-history":[{"count":3,"href":"https:\/\/tereos.com\/fr\/wp-json\/wp\/v2\/news\/15302\/revisions"}],"predecessor-version":[{"id":15345,"href":"https:\/\/tereos.com\/fr\/wp-json\/wp\/v2\/news\/15302\/revisions\/15345"}],"wp:featuredmedia":[{"embeddable":true,"href":"https:\/\/tereos.com\/fr\/wp-json\/wp\/v2\/media\/15303"}],"wp:attachment":[{"href":"https:\/\/tereos.com\/fr\/wp-json\/wp\/v2\/media?parent=15302"}],"wp:term":[{"taxonomy":"category","embeddable":true,"href":"https:\/\/tereos.com\/fr\/wp-json\/wp\/v2\/categories?post=15302"}],"curies":[{"name":"wp","href":"https:\/\/api.w.org\/{rel}","templated":true}]}}