{"id":2235,"date":"2019-02-25T16:05:08","date_gmt":"2019-02-25T15:05:08","guid":{"rendered":"https:\/\/tereos.com\/?post_type=news&#038;p=2235"},"modified":"2019-04-29T16:58:00","modified_gmt":"2019-04-29T14:58:00","slug":"au-bresil-tereos-mise-sur-la-technologie-aerospatiale","status":"publish","type":"news","link":"https:\/\/tereos.com\/fr\/actualites\/au-bresil-tereos-mise-sur-la-technologie-aerospatiale\/","title":{"rendered":"Au Br\u00e9sil, Tereos mise sur la technologie a\u00e9rospatiale"},"author":9,"featured_media":0,"template":"","categories":[],"class_list":["post-2235","news","type-news","status-publish","hentry"],"acf":{"cover_image":false,"cover_clone":{"cover_image":false},"headline":"Pour lutter contre les incendies, le Groupe investit dans un syst\u00e8me innovant.","headline_clone":{"headline":"Pour lutter contre les incendies, le Groupe investit dans un syst\u00e8me innovant."},"sections":[{"acf_fc_layout":"rich_text","anchor_title":"","text":"<p style=\"font-weight: 400;\">Entre avril et octobre 2018, les pr\u00e9cipitations ont diminu\u00e9 de 48% au Br\u00e9sil. Une s\u00e9cheresse qui accro\u00eet le risque d\u2019incendie et suscite l\u2019inqui\u00e9tude des entreprises agricoles du pays.<\/p>\n<p style=\"font-weight: 400;\">Afin de pr\u00e9venir ces incendies, Tereos, a choisi de miser sur la technologie a\u00e9rospatiale pour surveiller ses 300 000 hectares de champs de canne qui alimentent \u00a07 usines du Groupe dans la r\u00e9gion de S\u00e3o Paulo. Le Groupe a investi dans une initiative pionni\u00e8re, le projet ORION (Observed Remote Information from Orbital Navigation), une d\u00e9marche d\u2019observation continue des champs par satellite. 13 satellites, dont certains exploit\u00e9s par des agences internationales telle que la NASA (agence spatiale am\u00e9ricaine), contr\u00f4lent les champs en temps r\u00e9el.<\/p>\n<p style=\"font-weight: 400;\"><b>Une technologie de pointe pour lutter contre les incendies<\/b><\/p>\n<p style=\"font-weight: 400;\">Dans la r\u00e9gion de S\u00e3o Paulo, la responsabilit\u00e9 de la protection des champs incombe au propri\u00e9taire du terrain, m\u00eame si le foyer d&#8217;incendie a \u00e9t\u00e9 caus\u00e9 par des tiers ou par des \u00e9v\u00e9nements naturels.<\/p>\n<p style=\"font-weight: 400;\">Tereos a donc fait le choix d\u2019investir un million de r\u00e9aux (environ 240 000 euros) dans l\u2019utilisation de ces satellites afin qu\u2019ils remplissent un double objectif :<\/p>\n<p style=\"font-weight: 400;\"><b>&#8211; D\u00e9tecter un feu d\u2019une longueur maximale de 30 m\u00e8tres<\/b>, comme l\u2019explique Edilberto Bannwart, directeur du d\u00e9veloppement durable chez TSEB \u00ab<i>Les pompiers, selon l&#8217;endroit o\u00f9 ils se trouvent, d\u00e9tectent le feu plus rapidement que le satellite, mais la nuit, par exemple, les satellites sont plus efficaces <\/i>\u00bb.<br \/>\n<b>&#8211; Identifier les foyers d&#8217;incendie dans un rayon de 100 m\u00e8tres<\/b>. Il est possible, gr\u00e2ce aux satellites, de comparer la temp\u00e9rature ambiante avec celle de la plantation. Si l&#8217;emplacement se situe dans les surfaces de terre appartenant \u00e0 Tereos, une alerte sonore et visuelle est \u00e9mise vers le centre de contr\u00f4le du Groupe, situ\u00e9 dans l&#8217;usine de Cruz Alta \u00e0 Ol\u00edmpia (\u00c9tat de S\u00e3o Paulo).<\/p>\n<p style=\"font-weight: 400;\"><b>Des efforts fructueux<\/b><\/p>\n<p style=\"font-weight: 400;\">\u00ab <i>Le satellite ne diminue pas le foyer de feu, mais il r\u00e9duit le temps de r\u00e9action et l&#8217;\u00e9tendue de l&#8217;incendie <\/i>\u00bb, explique Edilberto Bannwart.<\/p>\n<p style=\"font-weight: 400;\">Avant l\u2019adh\u00e9sion au projet Orion, le d\u00e9lai de d\u00e9tection d&#8217;un incendie \u00e9tait de 1h45. D\u00e9sormais, il varie entre 11 et 21 minutes, permettant \u00e0 Tereos de diminuer l\u2019impact des incendies et notamment ses pertes de canne \u00e0 sucre de 34%. \u00c0 l\u2019avenir, Edilberto Bannwart s\u2019attend \u00e0 ce que ce temps soit r\u00e9duit \u00e0 moins de 7 minutes.<\/p>\n<p style=\"font-weight: 400;\"><b>Une campagne de pr\u00e9vention pour tous<\/b><\/p>\n<p style=\"font-weight: 400;\">La technologie seule ne r\u00e9sout pas le probl\u00e8me. C\u2019est pourquoi Tereos a choisi de sensibiliser le grand public aux risques d\u2019incendies en investissant dans :<\/p>\n<p style=\"font-weight: 400;\">&#8211; Des messages de pr\u00e9ventions \u00e0 la radio locale et sur les r\u00e9seaux sociaux<\/p>\n<p style=\"font-weight: 400;\">&#8211; La formation des collaborateurs du Groupe<\/p>\n<p style=\"font-weight: 400;\">&#8211; Des panneaux d\u2019affichages sur les bords de route.<\/p>\n<p style=\"font-weight: 400;\"><b><strong><i>&#8220;Le syst\u00e8me ORION est venu s&#8217;ajouter \u00e0 nos contr\u00f4les existants, en plus d&#8217;apporter tous les b\u00e9n\u00e9fices li\u00e9s \u00e0 la r\u00e9duction des surfaces br\u00fbl\u00e9es et, par cons\u00e9quent, de contribuer \u00e0 la pr\u00e9servation de l&#8217;environnement. Ce syst\u00e8me nous apporte l\u2019aide n\u00e9cessaire \u00e0 l&#8217;am\u00e9lioration des op\u00e9rations. Gr\u00e2ce \u00e0 une d\u00e9tection plus rapide et plus pr\u00e9cise des \u00a0incendies, nous avons pu optimiser nos efforts en alertant, par exemple, les pompiers les plus proches du lieu de l\u2019incident, en suivant les progr\u00e8s dans une salle de surveillance et en prenant nos d\u00e9cisions sur la base d&#8217;un aper\u00e7u des zones touch\u00e9es&#8221;.<\/i><\/strong><\/b><\/p>\n<p style=\"font-weight: 400;\">Bruno Ferreira da Silva, Analista de Excel\u00eancia Operacional S\u00eanior<\/p>\n"}],"flexible_editorial_clone":{"has_anchors":false,"sections":[{"acf_fc_layout":"rich_text","anchor_title":"","text":"<p style=\"font-weight: 400;\">Entre avril et octobre 2018, les pr\u00e9cipitations ont diminu\u00e9 de 48% au Br\u00e9sil. Une s\u00e9cheresse qui accro\u00eet le risque d\u2019incendie et suscite l\u2019inqui\u00e9tude des entreprises agricoles du pays.<\/p>\n<p style=\"font-weight: 400;\">Afin de pr\u00e9venir ces incendies, Tereos, a choisi de miser sur la technologie a\u00e9rospatiale pour surveiller ses 300 000 hectares de champs de canne qui alimentent \u00a07 usines du Groupe dans la r\u00e9gion de S\u00e3o Paulo. Le Groupe a investi dans une initiative pionni\u00e8re, le projet ORION (Observed Remote Information from Orbital Navigation), une d\u00e9marche d\u2019observation continue des champs par satellite. 13 satellites, dont certains exploit\u00e9s par des agences internationales telle que la NASA (agence spatiale am\u00e9ricaine), contr\u00f4lent les champs en temps r\u00e9el.<\/p>\n<p style=\"font-weight: 400;\"><b>Une technologie de pointe pour lutter contre les incendies<\/b><\/p>\n<p style=\"font-weight: 400;\">Dans la r\u00e9gion de S\u00e3o Paulo, la responsabilit\u00e9 de la protection des champs incombe au propri\u00e9taire du terrain, m\u00eame si le foyer d&#8217;incendie a \u00e9t\u00e9 caus\u00e9 par des tiers ou par des \u00e9v\u00e9nements naturels.<\/p>\n<p style=\"font-weight: 400;\">Tereos a donc fait le choix d\u2019investir un million de r\u00e9aux (environ 240 000 euros) dans l\u2019utilisation de ces satellites afin qu\u2019ils remplissent un double objectif :<\/p>\n<p style=\"font-weight: 400;\"><b>&#8211; D\u00e9tecter un feu d\u2019une longueur maximale de 30 m\u00e8tres<\/b>, comme l\u2019explique Edilberto Bannwart, directeur du d\u00e9veloppement durable chez TSEB \u00ab<i>Les pompiers, selon l&#8217;endroit o\u00f9 ils se trouvent, d\u00e9tectent le feu plus rapidement que le satellite, mais la nuit, par exemple, les satellites sont plus efficaces <\/i>\u00bb.<br \/>\n<b>&#8211; Identifier les foyers d&#8217;incendie dans un rayon de 100 m\u00e8tres<\/b>. Il est possible, gr\u00e2ce aux satellites, de comparer la temp\u00e9rature ambiante avec celle de la plantation. Si l&#8217;emplacement se situe dans les surfaces de terre appartenant \u00e0 Tereos, une alerte sonore et visuelle est \u00e9mise vers le centre de contr\u00f4le du Groupe, situ\u00e9 dans l&#8217;usine de Cruz Alta \u00e0 Ol\u00edmpia (\u00c9tat de S\u00e3o Paulo).<\/p>\n<p style=\"font-weight: 400;\"><b>Des efforts fructueux<\/b><\/p>\n<p style=\"font-weight: 400;\">\u00ab <i>Le satellite ne diminue pas le foyer de feu, mais il r\u00e9duit le temps de r\u00e9action et l&#8217;\u00e9tendue de l&#8217;incendie <\/i>\u00bb, explique Edilberto Bannwart.<\/p>\n<p style=\"font-weight: 400;\">Avant l\u2019adh\u00e9sion au projet Orion, le d\u00e9lai de d\u00e9tection d&#8217;un incendie \u00e9tait de 1h45. D\u00e9sormais, il varie entre 11 et 21 minutes, permettant \u00e0 Tereos de diminuer l\u2019impact des incendies et notamment ses pertes de canne \u00e0 sucre de 34%. \u00c0 l\u2019avenir, Edilberto Bannwart s\u2019attend \u00e0 ce que ce temps soit r\u00e9duit \u00e0 moins de 7 minutes.<\/p>\n<p style=\"font-weight: 400;\"><b>Une campagne de pr\u00e9vention pour tous<\/b><\/p>\n<p style=\"font-weight: 400;\">La technologie seule ne r\u00e9sout pas le probl\u00e8me. C\u2019est pourquoi Tereos a choisi de sensibiliser le grand public aux risques d\u2019incendies en investissant dans :<\/p>\n<p style=\"font-weight: 400;\">&#8211; Des messages de pr\u00e9ventions \u00e0 la radio locale et sur les r\u00e9seaux sociaux<\/p>\n<p style=\"font-weight: 400;\">&#8211; La formation des collaborateurs du Groupe<\/p>\n<p style=\"font-weight: 400;\">&#8211; Des panneaux d\u2019affichages sur les bords de route.<\/p>\n<p style=\"font-weight: 400;\"><b><strong><i>&#8220;Le syst\u00e8me ORION est venu s&#8217;ajouter \u00e0 nos contr\u00f4les existants, en plus d&#8217;apporter tous les b\u00e9n\u00e9fices li\u00e9s \u00e0 la r\u00e9duction des surfaces br\u00fbl\u00e9es et, par cons\u00e9quent, de contribuer \u00e0 la pr\u00e9servation de l&#8217;environnement. Ce syst\u00e8me nous apporte l\u2019aide n\u00e9cessaire \u00e0 l&#8217;am\u00e9lioration des op\u00e9rations. Gr\u00e2ce \u00e0 une d\u00e9tection plus rapide et plus pr\u00e9cise des \u00a0incendies, nous avons pu optimiser nos efforts en alertant, par exemple, les pompiers les plus proches du lieu de l\u2019incident, en suivant les progr\u00e8s dans une salle de surveillance et en prenant nos d\u00e9cisions sur la base d&#8217;un aper\u00e7u des zones touch\u00e9es&#8221;.<\/i><\/strong><\/b><\/p>\n<p style=\"font-weight: 400;\">Bruno Ferreira da Silva, Analista de Excel\u00eancia Operacional S\u00eanior<\/p>\n"}]}},"yoast_head":"<!-- This site is optimized with the Yoast SEO plugin v23.7 - https:\/\/yoast.com\/wordpress\/plugins\/seo\/ -->\n<title>Au Br\u00e9sil, Tereos mise sur la technologie a\u00e9rospatiale - Tereos<\/title>\n<meta name=\"robots\" content=\"index, follow, max-snippet:-1, max-image-preview:large, max-video-preview:-1\" \/>\n<link rel=\"canonical\" href=\"https:\/\/tereos.com\/fr\/actualites\/au-bresil-tereos-mise-sur-la-technologie-aerospatiale\/\" \/>\n<meta property=\"og:locale\" content=\"fr_FR\" \/>\n<meta property=\"og:type\" content=\"article\" \/>\n<meta property=\"og:title\" content=\"Au Br\u00e9sil, Tereos mise sur la technologie a\u00e9rospatiale - Tereos\" \/>\n<meta property=\"og:url\" content=\"https:\/\/tereos.com\/fr\/actualites\/au-bresil-tereos-mise-sur-la-technologie-aerospatiale\/\" \/>\n<meta property=\"og:site_name\" content=\"Tereos\" \/>\n<meta property=\"article:modified_time\" content=\"2019-04-29T14:58:00+00:00\" \/>\n<meta name=\"twitter:card\" content=\"summary_large_image\" \/>\n<script type=\"application\/ld+json\" class=\"yoast-schema-graph\">{\"@context\":\"https:\/\/schema.org\",\"@graph\":[{\"@type\":\"WebPage\",\"@id\":\"https:\/\/tereos.com\/fr\/actualites\/au-bresil-tereos-mise-sur-la-technologie-aerospatiale\/\",\"url\":\"https:\/\/tereos.com\/fr\/actualites\/au-bresil-tereos-mise-sur-la-technologie-aerospatiale\/\",\"name\":\"Au Br\u00e9sil, Tereos mise sur la technologie a\u00e9rospatiale - Tereos\",\"isPartOf\":{\"@id\":\"https:\/\/tereos.com\/en\/#website\"},\"datePublished\":\"2019-02-25T15:05:08+00:00\",\"dateModified\":\"2019-04-29T14:58:00+00:00\",\"breadcrumb\":{\"@id\":\"https:\/\/tereos.com\/fr\/actualites\/au-bresil-tereos-mise-sur-la-technologie-aerospatiale\/#breadcrumb\"},\"inLanguage\":\"fr-FR\",\"potentialAction\":[{\"@type\":\"ReadAction\",\"target\":[\"https:\/\/tereos.com\/fr\/actualites\/au-bresil-tereos-mise-sur-la-technologie-aerospatiale\/\"]}]},{\"@type\":\"BreadcrumbList\",\"@id\":\"https:\/\/tereos.com\/fr\/actualites\/au-bresil-tereos-mise-sur-la-technologie-aerospatiale\/#breadcrumb\",\"itemListElement\":[{\"@type\":\"ListItem\",\"position\":1,\"name\":\"Home\",\"item\":\"https:\/\/tereos.com\/fr\/\"},{\"@type\":\"ListItem\",\"position\":2,\"name\":\"Au Br\u00e9sil, Tereos mise sur la technologie a\u00e9rospatiale\"}]},{\"@type\":\"WebSite\",\"@id\":\"https:\/\/tereos.com\/en\/#website\",\"url\":\"https:\/\/tereos.com\/en\/\",\"name\":\"Tereos\",\"description\":\"Un site utilisant WordPress\",\"potentialAction\":[{\"@type\":\"SearchAction\",\"target\":{\"@type\":\"EntryPoint\",\"urlTemplate\":\"https:\/\/tereos.com\/en\/?s={search_term_string}\"},\"query-input\":{\"@type\":\"PropertyValueSpecification\",\"valueRequired\":true,\"valueName\":\"search_term_string\"}}],\"inLanguage\":\"fr-FR\"}]}<\/script>\n<!-- \/ Yoast SEO plugin. -->","yoast_head_json":{"title":"Au Br\u00e9sil, Tereos mise sur la technologie a\u00e9rospatiale - Tereos","robots":{"index":"index","follow":"follow","max-snippet":"max-snippet:-1","max-image-preview":"max-image-preview:large","max-video-preview":"max-video-preview:-1"},"canonical":"https:\/\/tereos.com\/fr\/actualites\/au-bresil-tereos-mise-sur-la-technologie-aerospatiale\/","og_locale":"fr_FR","og_type":"article","og_title":"Au Br\u00e9sil, Tereos mise sur la technologie a\u00e9rospatiale - Tereos","og_url":"https:\/\/tereos.com\/fr\/actualites\/au-bresil-tereos-mise-sur-la-technologie-aerospatiale\/","og_site_name":"Tereos","article_modified_time":"2019-04-29T14:58:00+00:00","twitter_card":"summary_large_image","schema":{"@context":"https:\/\/schema.org","@graph":[{"@type":"WebPage","@id":"https:\/\/tereos.com\/fr\/actualites\/au-bresil-tereos-mise-sur-la-technologie-aerospatiale\/","url":"https:\/\/tereos.com\/fr\/actualites\/au-bresil-tereos-mise-sur-la-technologie-aerospatiale\/","name":"Au Br\u00e9sil, Tereos mise sur la technologie a\u00e9rospatiale - Tereos","isPartOf":{"@id":"https:\/\/tereos.com\/en\/#website"},"datePublished":"2019-02-25T15:05:08+00:00","dateModified":"2019-04-29T14:58:00+00:00","breadcrumb":{"@id":"https:\/\/tereos.com\/fr\/actualites\/au-bresil-tereos-mise-sur-la-technologie-aerospatiale\/#breadcrumb"},"inLanguage":"fr-FR","potentialAction":[{"@type":"ReadAction","target":["https:\/\/tereos.com\/fr\/actualites\/au-bresil-tereos-mise-sur-la-technologie-aerospatiale\/"]}]},{"@type":"BreadcrumbList","@id":"https:\/\/tereos.com\/fr\/actualites\/au-bresil-tereos-mise-sur-la-technologie-aerospatiale\/#breadcrumb","itemListElement":[{"@type":"ListItem","position":1,"name":"Home","item":"https:\/\/tereos.com\/fr\/"},{"@type":"ListItem","position":2,"name":"Au Br\u00e9sil, Tereos mise sur la technologie a\u00e9rospatiale"}]},{"@type":"WebSite","@id":"https:\/\/tereos.com\/en\/#website","url":"https:\/\/tereos.com\/en\/","name":"Tereos","description":"Un site utilisant WordPress","potentialAction":[{"@type":"SearchAction","target":{"@type":"EntryPoint","urlTemplate":"https:\/\/tereos.com\/en\/?s={search_term_string}"},"query-input":{"@type":"PropertyValueSpecification","valueRequired":true,"valueName":"search_term_string"}}],"inLanguage":"fr-FR"}]}},"featured_media_src":false,"date_formatted":"25 f\u00e9vrier 2019 ","_links":{"self":[{"href":"https:\/\/tereos.com\/fr\/wp-json\/wp\/v2\/news\/2235"}],"collection":[{"href":"https:\/\/tereos.com\/fr\/wp-json\/wp\/v2\/news"}],"about":[{"href":"https:\/\/tereos.com\/fr\/wp-json\/wp\/v2\/types\/news"}],"author":[{"embeddable":true,"href":"https:\/\/tereos.com\/fr\/wp-json\/wp\/v2\/users\/9"}],"version-history":[{"count":1,"href":"https:\/\/tereos.com\/fr\/wp-json\/wp\/v2\/news\/2235\/revisions"}],"predecessor-version":[{"id":2236,"href":"https:\/\/tereos.com\/fr\/wp-json\/wp\/v2\/news\/2235\/revisions\/2236"}],"wp:attachment":[{"href":"https:\/\/tereos.com\/fr\/wp-json\/wp\/v2\/media?parent=2235"}],"wp:term":[{"taxonomy":"category","embeddable":true,"href":"https:\/\/tereos.com\/fr\/wp-json\/wp\/v2\/categories?post=2235"}],"curies":[{"name":"wp","href":"https:\/\/api.w.org\/{rel}","templated":true}]}}