{"id":6005,"date":"2019-08-26T12:21:14","date_gmt":"2019-08-26T10:21:14","guid":{"rendered":"https:\/\/tereos.com\/?post_type=news&#038;p=6005"},"modified":"2019-08-27T17:54:28","modified_gmt":"2019-08-27T15:54:28","slug":"deces-de-philippe-duval-ancien-president-du-directoire-de-tereos","status":"publish","type":"news","link":"https:\/\/tereos.com\/fr\/actualites\/deces-de-philippe-duval-ancien-president-du-directoire-de-tereos\/","title":{"rendered":"D\u00e9c\u00e8s de Philippe Duval, ancien Pr\u00e9sident du Directoire de Tereos"},"author":9,"featured_media":0,"template":"","categories":[],"class_list":["post-6005","news","type-news","status-publish","hentry"],"acf":{"cover_image":false,"cover_clone":{"cover_image":false},"headline":"Le Groupe Tereos, par la voix de son Directoire et de son Conseil de surveillance, a la tristesse d\u2019annoncer le d\u00e9c\u00e8s, survenu le 22 ao\u00fbt 2019, de M. Philippe Duval, ancien Pr\u00e9sident du Directoire.","headline_clone":{"headline":"Le Groupe Tereos, par la voix de son Directoire et de son Conseil de surveillance, a la tristesse d\u2019annoncer le d\u00e9c\u00e8s, survenu le 22 ao\u00fbt 2019, de M. Philippe Duval, ancien Pr\u00e9sident du Directoire."},"sections":[{"acf_fc_layout":"rich_text","anchor_title":"","text":"<p><img loading=\"lazy\" decoding=\"async\" class=\"wp-image-6020 aligncenter\" src=\"https:\/\/tereos.com\/app\/uploads\/2019\/08\/philippe-duval.png\" alt=\"\" width=\"277\" height=\"468\" srcset=\"https:\/\/www.tereos.com\/app\/uploads\/2019\/08\/philippe-duval.png 585w, https:\/\/www.tereos.com\/app\/uploads\/2019\/08\/philippe-duval-178x300.png 178w\" sizes=\"(max-width: 277px) 100vw, 277px\" \/>Acteur reconnu du monde sucrier, Philippe Duval a guid\u00e9 et accompagn\u00e9 de 1968 \u00e0 2012 la coop\u00e9rative Tereos dans sa trajectoire de d\u00e9veloppement et d\u2019internationalisation. Entr\u00e9 en 1968 en tant que Secr\u00e9taire g\u00e9n\u00e9ral \u00e0 la sucrerie d\u2019Origny-Sainte-Beno\u00eete, dans l\u2019Aisne, Philippe Duval a ensuite occup\u00e9 diff\u00e9rentes fonctions, notamment de Directeur d\u2019usine et de Directeur industriel, avant de diriger Tereos \u00e0 partir de 1984.<\/p>\n<p>Avec les Elus de la coop\u00e9rative qui lui ont accord\u00e9 leur confiance jusqu\u2019\u00e0 sa retraite en 2012, Philippe Duval a \u0153uvr\u00e9 pour le recentrage des capacit\u00e9s de production et le regroupement de coop\u00e9ratives sucri\u00e8res sur un bassin allant d\u2019Artenay, dans le Loiret, \u00e0 Lille dans le Nord. C\u2019est sous son mandat que s\u2019est op\u00e9r\u00e9e la fusion historique des coop\u00e9ratives de l\u2019Union des Sucreries et Distilleries Agricoles et de B\u00e9ghin-Say, en 2002.<\/p>\n<p>Sur un plan op\u00e9rationnel, Philippe Duval a plac\u00e9 l\u2019excellence industrielle au c\u0153ur de la performance pour apporter toujours plus de valeur au monde agricole et \u00e0 ses clients, appelant ainsi \u00e0 une constante am\u00e9lioration des techniques pour limiter les pertes, d\u00e9chets et am\u00e9liorer toujours plus avant la qualit\u00e9.<\/p>\n<p>D\u2019un point de vue strat\u00e9gique, Philippe Duval a \u00e9t\u00e9 l\u2019un des grands artisans du d\u00e9veloppement de Tereos, convaincu du potentiel du sucre et des produits sucrants pour accompagner la croissance des besoins de l\u2019alimentation, et de l\u2019int\u00e9r\u00eat d\u2019une pr\u00e9sence multi-locale\u00a0:<\/p>\n<ul>\n<li>Pressentant l\u2019av\u00e8nement des sucres liquides, Philippe Duval a introduit Tereos sur le march\u00e9 de l\u2019amidon et des produits suivants d\u00e8s 1986, ouvrant la voie \u00e0 la diversification du portefeuille de produits de Tereos\u00a0;<\/li>\n<li>Il a \u00e9galement amorc\u00e9 la dynamique pionni\u00e8re \u00e0 l\u2019international des implantations internationales\u00a0de Tereos : R\u00e9publique Tch\u00e8que en 1992, Mozambique en 2006, Espagne et Belgique en 2007, Chine et Roumanie en 2012, mais surtout au Br\u00e9sil d\u00e8s l\u2019ann\u00e9e 2000, premier pays producteur de sucre au monde, posant les bases qui permettront ensuite \u00e0 Tereos de devenir aujourd\u2019hui le 3\u00e8me acteur sucrier mondial.<\/li>\n<\/ul>\n<p>La passion, la vision et le courage de Philippe Duval ont marqu\u00e9 l\u2019ensemble de son parcours, et ont \u00e9t\u00e9 unanimement salu\u00e9s, lui valant d\u2019\u00eatre nomm\u00e9 Officier de l\u2019Ordre de la L\u00e9gion d\u2019Honneur, et de l\u2019Ordre du M\u00e9rite Agricole.<\/p>\n"}],"flexible_editorial_clone":{"has_anchors":false,"sections":[{"acf_fc_layout":"rich_text","anchor_title":"","text":"<p><img loading=\"lazy\" decoding=\"async\" class=\"wp-image-6020 aligncenter\" src=\"https:\/\/tereos.com\/app\/uploads\/2019\/08\/philippe-duval.png\" alt=\"\" width=\"277\" height=\"468\" srcset=\"https:\/\/www.tereos.com\/app\/uploads\/2019\/08\/philippe-duval.png 585w, https:\/\/www.tereos.com\/app\/uploads\/2019\/08\/philippe-duval-178x300.png 178w\" sizes=\"(max-width: 277px) 100vw, 277px\" \/>Acteur reconnu du monde sucrier, Philippe Duval a guid\u00e9 et accompagn\u00e9 de 1968 \u00e0 2012 la coop\u00e9rative Tereos dans sa trajectoire de d\u00e9veloppement et d\u2019internationalisation. Entr\u00e9 en 1968 en tant que Secr\u00e9taire g\u00e9n\u00e9ral \u00e0 la sucrerie d\u2019Origny-Sainte-Beno\u00eete, dans l\u2019Aisne, Philippe Duval a ensuite occup\u00e9 diff\u00e9rentes fonctions, notamment de Directeur d\u2019usine et de Directeur industriel, avant de diriger Tereos \u00e0 partir de 1984.<\/p>\n<p>Avec les Elus de la coop\u00e9rative qui lui ont accord\u00e9 leur confiance jusqu\u2019\u00e0 sa retraite en 2012, Philippe Duval a \u0153uvr\u00e9 pour le recentrage des capacit\u00e9s de production et le regroupement de coop\u00e9ratives sucri\u00e8res sur un bassin allant d\u2019Artenay, dans le Loiret, \u00e0 Lille dans le Nord. C\u2019est sous son mandat que s\u2019est op\u00e9r\u00e9e la fusion historique des coop\u00e9ratives de l\u2019Union des Sucreries et Distilleries Agricoles et de B\u00e9ghin-Say, en 2002.<\/p>\n<p>Sur un plan op\u00e9rationnel, Philippe Duval a plac\u00e9 l\u2019excellence industrielle au c\u0153ur de la performance pour apporter toujours plus de valeur au monde agricole et \u00e0 ses clients, appelant ainsi \u00e0 une constante am\u00e9lioration des techniques pour limiter les pertes, d\u00e9chets et am\u00e9liorer toujours plus avant la qualit\u00e9.<\/p>\n<p>D\u2019un point de vue strat\u00e9gique, Philippe Duval a \u00e9t\u00e9 l\u2019un des grands artisans du d\u00e9veloppement de Tereos, convaincu du potentiel du sucre et des produits sucrants pour accompagner la croissance des besoins de l\u2019alimentation, et de l\u2019int\u00e9r\u00eat d\u2019une pr\u00e9sence multi-locale\u00a0:<\/p>\n<ul>\n<li>Pressentant l\u2019av\u00e8nement des sucres liquides, Philippe Duval a introduit Tereos sur le march\u00e9 de l\u2019amidon et des produits suivants d\u00e8s 1986, ouvrant la voie \u00e0 la diversification du portefeuille de produits de Tereos\u00a0;<\/li>\n<li>Il a \u00e9galement amorc\u00e9 la dynamique pionni\u00e8re \u00e0 l\u2019international des implantations internationales\u00a0de Tereos : R\u00e9publique Tch\u00e8que en 1992, Mozambique en 2006, Espagne et Belgique en 2007, Chine et Roumanie en 2012, mais surtout au Br\u00e9sil d\u00e8s l\u2019ann\u00e9e 2000, premier pays producteur de sucre au monde, posant les bases qui permettront ensuite \u00e0 Tereos de devenir aujourd\u2019hui le 3\u00e8me acteur sucrier mondial.<\/li>\n<\/ul>\n<p>La passion, la vision et le courage de Philippe Duval ont marqu\u00e9 l\u2019ensemble de son parcours, et ont \u00e9t\u00e9 unanimement salu\u00e9s, lui valant d\u2019\u00eatre nomm\u00e9 Officier de l\u2019Ordre de la L\u00e9gion d\u2019Honneur, et de l\u2019Ordre du M\u00e9rite Agricole.<\/p>\n"}]}},"yoast_head":"<!-- This site is optimized with the Yoast SEO plugin v23.7 - https:\/\/yoast.com\/wordpress\/plugins\/seo\/ -->\n<title>D\u00e9c\u00e8s de Philippe Duval, ancien Pr\u00e9sident du Directoire de Tereos - Tereos<\/title>\n<meta name=\"robots\" content=\"index, follow, max-snippet:-1, max-image-preview:large, max-video-preview:-1\" \/>\n<link rel=\"canonical\" href=\"https:\/\/tereos.com\/fr\/actualites\/deces-de-philippe-duval-ancien-president-du-directoire-de-tereos\/\" \/>\n<meta property=\"og:locale\" content=\"fr_FR\" \/>\n<meta property=\"og:type\" content=\"article\" \/>\n<meta property=\"og:title\" content=\"D\u00e9c\u00e8s de Philippe Duval, ancien Pr\u00e9sident du Directoire de Tereos - Tereos\" \/>\n<meta property=\"og:url\" content=\"https:\/\/tereos.com\/fr\/actualites\/deces-de-philippe-duval-ancien-president-du-directoire-de-tereos\/\" \/>\n<meta property=\"og:site_name\" content=\"Tereos\" \/>\n<meta property=\"article:modified_time\" content=\"2019-08-27T15:54:28+00:00\" \/>\n<meta name=\"twitter:card\" content=\"summary_large_image\" \/>\n<script type=\"application\/ld+json\" class=\"yoast-schema-graph\">{\"@context\":\"https:\/\/schema.org\",\"@graph\":[{\"@type\":\"WebPage\",\"@id\":\"https:\/\/tereos.com\/fr\/actualites\/deces-de-philippe-duval-ancien-president-du-directoire-de-tereos\/\",\"url\":\"https:\/\/tereos.com\/fr\/actualites\/deces-de-philippe-duval-ancien-president-du-directoire-de-tereos\/\",\"name\":\"D\u00e9c\u00e8s de Philippe Duval, ancien Pr\u00e9sident du Directoire de Tereos - Tereos\",\"isPartOf\":{\"@id\":\"https:\/\/tereos.com\/en\/#website\"},\"datePublished\":\"2019-08-26T10:21:14+00:00\",\"dateModified\":\"2019-08-27T15:54:28+00:00\",\"breadcrumb\":{\"@id\":\"https:\/\/tereos.com\/fr\/actualites\/deces-de-philippe-duval-ancien-president-du-directoire-de-tereos\/#breadcrumb\"},\"inLanguage\":\"fr-FR\",\"potentialAction\":[{\"@type\":\"ReadAction\",\"target\":[\"https:\/\/tereos.com\/fr\/actualites\/deces-de-philippe-duval-ancien-president-du-directoire-de-tereos\/\"]}]},{\"@type\":\"BreadcrumbList\",\"@id\":\"https:\/\/tereos.com\/fr\/actualites\/deces-de-philippe-duval-ancien-president-du-directoire-de-tereos\/#breadcrumb\",\"itemListElement\":[{\"@type\":\"ListItem\",\"position\":1,\"name\":\"Home\",\"item\":\"https:\/\/tereos.com\/fr\/\"},{\"@type\":\"ListItem\",\"position\":2,\"name\":\"D\u00e9c\u00e8s de Philippe Duval, ancien Pr\u00e9sident du Directoire de Tereos\"}]},{\"@type\":\"WebSite\",\"@id\":\"https:\/\/tereos.com\/en\/#website\",\"url\":\"https:\/\/tereos.com\/en\/\",\"name\":\"Tereos\",\"description\":\"Un site utilisant WordPress\",\"potentialAction\":[{\"@type\":\"SearchAction\",\"target\":{\"@type\":\"EntryPoint\",\"urlTemplate\":\"https:\/\/tereos.com\/en\/?s={search_term_string}\"},\"query-input\":{\"@type\":\"PropertyValueSpecification\",\"valueRequired\":true,\"valueName\":\"search_term_string\"}}],\"inLanguage\":\"fr-FR\"}]}<\/script>\n<!-- \/ Yoast SEO plugin. -->","yoast_head_json":{"title":"D\u00e9c\u00e8s de Philippe Duval, ancien Pr\u00e9sident du Directoire de Tereos - Tereos","robots":{"index":"index","follow":"follow","max-snippet":"max-snippet:-1","max-image-preview":"max-image-preview:large","max-video-preview":"max-video-preview:-1"},"canonical":"https:\/\/tereos.com\/fr\/actualites\/deces-de-philippe-duval-ancien-president-du-directoire-de-tereos\/","og_locale":"fr_FR","og_type":"article","og_title":"D\u00e9c\u00e8s de Philippe Duval, ancien Pr\u00e9sident du Directoire de Tereos - Tereos","og_url":"https:\/\/tereos.com\/fr\/actualites\/deces-de-philippe-duval-ancien-president-du-directoire-de-tereos\/","og_site_name":"Tereos","article_modified_time":"2019-08-27T15:54:28+00:00","twitter_card":"summary_large_image","schema":{"@context":"https:\/\/schema.org","@graph":[{"@type":"WebPage","@id":"https:\/\/tereos.com\/fr\/actualites\/deces-de-philippe-duval-ancien-president-du-directoire-de-tereos\/","url":"https:\/\/tereos.com\/fr\/actualites\/deces-de-philippe-duval-ancien-president-du-directoire-de-tereos\/","name":"D\u00e9c\u00e8s de Philippe Duval, ancien Pr\u00e9sident du Directoire de Tereos - Tereos","isPartOf":{"@id":"https:\/\/tereos.com\/en\/#website"},"datePublished":"2019-08-26T10:21:14+00:00","dateModified":"2019-08-27T15:54:28+00:00","breadcrumb":{"@id":"https:\/\/tereos.com\/fr\/actualites\/deces-de-philippe-duval-ancien-president-du-directoire-de-tereos\/#breadcrumb"},"inLanguage":"fr-FR","potentialAction":[{"@type":"ReadAction","target":["https:\/\/tereos.com\/fr\/actualites\/deces-de-philippe-duval-ancien-president-du-directoire-de-tereos\/"]}]},{"@type":"BreadcrumbList","@id":"https:\/\/tereos.com\/fr\/actualites\/deces-de-philippe-duval-ancien-president-du-directoire-de-tereos\/#breadcrumb","itemListElement":[{"@type":"ListItem","position":1,"name":"Home","item":"https:\/\/tereos.com\/fr\/"},{"@type":"ListItem","position":2,"name":"D\u00e9c\u00e8s de Philippe Duval, ancien Pr\u00e9sident du Directoire de Tereos"}]},{"@type":"WebSite","@id":"https:\/\/tereos.com\/en\/#website","url":"https:\/\/tereos.com\/en\/","name":"Tereos","description":"Un site utilisant WordPress","potentialAction":[{"@type":"SearchAction","target":{"@type":"EntryPoint","urlTemplate":"https:\/\/tereos.com\/en\/?s={search_term_string}"},"query-input":{"@type":"PropertyValueSpecification","valueRequired":true,"valueName":"search_term_string"}}],"inLanguage":"fr-FR"}]}},"featured_media_src":false,"date_formatted":"26 ao\u00fbt 2019 ","_links":{"self":[{"href":"https:\/\/tereos.com\/fr\/wp-json\/wp\/v2\/news\/6005"}],"collection":[{"href":"https:\/\/tereos.com\/fr\/wp-json\/wp\/v2\/news"}],"about":[{"href":"https:\/\/tereos.com\/fr\/wp-json\/wp\/v2\/types\/news"}],"author":[{"embeddable":true,"href":"https:\/\/tereos.com\/fr\/wp-json\/wp\/v2\/users\/9"}],"version-history":[{"count":3,"href":"https:\/\/tereos.com\/fr\/wp-json\/wp\/v2\/news\/6005\/revisions"}],"predecessor-version":[{"id":6024,"href":"https:\/\/tereos.com\/fr\/wp-json\/wp\/v2\/news\/6005\/revisions\/6024"}],"wp:attachment":[{"href":"https:\/\/tereos.com\/fr\/wp-json\/wp\/v2\/media?parent=6005"}],"wp:term":[{"taxonomy":"category","embeddable":true,"href":"https:\/\/tereos.com\/fr\/wp-json\/wp\/v2\/categories?post=6005"}],"curies":[{"name":"wp","href":"https:\/\/api.w.org\/{rel}","templated":true}]}}