{"id":6627,"date":"2019-10-21T12:53:08","date_gmt":"2019-10-21T10:53:08","guid":{"rendered":"https:\/\/tereos.com\/?post_type=news&#038;p=6627"},"modified":"2019-10-21T13:11:36","modified_gmt":"2019-10-21T11:11:36","slug":"epico-passe-au-bio","status":"publish","type":"news","link":"https:\/\/tereos.com\/fr\/actualites\/epico-passe-au-bio\/","title":{"rendered":"Epi&#038;Co passe au bio !"},"author":9,"featured_media":1285,"template":"","categories":[],"class_list":["post-6627","news","type-news","status-publish","has-post-thumbnail","hentry"],"acf":{"cover_image":1285,"cover_clone":{"cover_image":1285},"headline":"Certifi\u00e9e bio en juillet 2019, la gamme Epi&Co est pr\u00eate \u00e0 \u00eatre commercialis\u00e9e ","headline_clone":{"headline":"Certifi\u00e9e bio en juillet 2019, la gamme Epi&Co est pr\u00eate \u00e0 \u00eatre commercialis\u00e9e "},"sections":[{"acf_fc_layout":"rich_text","anchor_title":"","text":"<p>Sp\u00e9cialit\u00e9s 100% v\u00e9g\u00e9tales, sources de fibres, faibles en mati\u00e8res grasses satur\u00e9es et en sel, les produits <a href=\"https:\/\/epiandco.com\/\">Epi&amp;Co<\/a> sont \u00e9labor\u00e9s \u00e0 partir de mati\u00e8res premi\u00e8res europ\u00e9ennes : prot\u00e9ines de bl\u00e9, pois chiches, farine, pois entiers et huile de tournesol.<\/p>\n<p><img loading=\"lazy\" decoding=\"async\" class=\"wp-image-6628 aligncenter\" src=\"https:\/\/tereos.com\/app\/uploads\/2019\/10\/fr-encart-04.png\" alt=\"\" width=\"441\" height=\"254\" srcset=\"https:\/\/www.tereos.com\/app\/uploads\/2019\/10\/fr-encart-04.png 4015w, https:\/\/www.tereos.com\/app\/uploads\/2019\/10\/fr-encart-04-300x172.png 300w\" sizes=\"(max-width: 441px) 100vw, 441px\" \/><\/p>\n<p>\u00c0 l\u2019origine de cette d\u00e9marche : le constat d\u2019une forte compl\u00e9mentarit\u00e9 entre les prot\u00e9ines v\u00e9g\u00e9tales et le bio. \u00c0 l\u2019issu de nombreux \u00e9changes avec les acteurs agroalimentaires, les \u00e9quipes Tereos ont relev\u00e9 que les consommateurs privil\u00e9giant les prot\u00e9ines v\u00e9g\u00e9tales aux prot\u00e9ines animales, \u00e9taient \u00e9galement demandeurs de produits bios.<\/p>\n<p>La gamme bio sera pr\u00e9sent\u00e9e pour la premi\u00e8re fois au salon<a href=\"https:\/\/natexpo.com\/\"> Natexpo<\/a>, fin octobre, mais le produit a d\u00e9j\u00e0 s\u00e9duit nos clients avec une premi\u00e8re commande d\u00e9j\u00e0 effectu\u00e9e! Cette gamme sera par la suite commercialis\u00e9e sur les circuits traditionnels d\u2019Epi&amp;Co, notamment la restauration hors domicile.<\/p>\n<p>Premi\u00e8re activit\u00e9 \u00ab produits amylac\u00e9s \u00bb de Tereos \u00e0 recevoir la certification biologique, Epi&amp;Co ouvre ainsi la voie \u00e0 d\u2019autres projets de d\u00e9veloppement de l\u2019activit\u00e9 Bio du Groupe.<\/p>\n<p><strong>Un portefeuille international de produits bio<\/strong><\/p>\n<p>La d\u00e9clinaison bio de la Gamme Epi&amp;Co s\u2019inscrit dans une d\u00e9marche plus globale du Groupe, de d\u00e9veloppement de son activit\u00e9 Bio. Disposant d\u2019une exp\u00e9rience de longue date dans la distribution de sucre bio en Europe, Tereos a lanc\u00e9 en 2019 une gamme propre de produits bio : sucre, alcool, prot\u00e9ines v\u00e9g\u00e9tales et produits d\u2019alimentation animale. Le Groupe a lanc\u00e9 des fili\u00e8res betterave et luzerne bio en France, et d\u00e9veloppe des fili\u00e8res de canne bio au Br\u00e9sil et en Afrique.<\/p>\n"}],"flexible_editorial_clone":{"has_anchors":false,"sections":[{"acf_fc_layout":"rich_text","anchor_title":"","text":"<p>Sp\u00e9cialit\u00e9s 100% v\u00e9g\u00e9tales, sources de fibres, faibles en mati\u00e8res grasses satur\u00e9es et en sel, les produits <a href=\"https:\/\/epiandco.com\/\">Epi&amp;Co<\/a> sont \u00e9labor\u00e9s \u00e0 partir de mati\u00e8res premi\u00e8res europ\u00e9ennes : prot\u00e9ines de bl\u00e9, pois chiches, farine, pois entiers et huile de tournesol.<\/p>\n<p><img loading=\"lazy\" decoding=\"async\" class=\"wp-image-6628 aligncenter\" src=\"https:\/\/tereos.com\/app\/uploads\/2019\/10\/fr-encart-04.png\" alt=\"\" width=\"441\" height=\"254\" srcset=\"https:\/\/www.tereos.com\/app\/uploads\/2019\/10\/fr-encart-04.png 4015w, https:\/\/www.tereos.com\/app\/uploads\/2019\/10\/fr-encart-04-300x172.png 300w\" sizes=\"(max-width: 441px) 100vw, 441px\" \/><\/p>\n<p>\u00c0 l\u2019origine de cette d\u00e9marche : le constat d\u2019une forte compl\u00e9mentarit\u00e9 entre les prot\u00e9ines v\u00e9g\u00e9tales et le bio. \u00c0 l\u2019issu de nombreux \u00e9changes avec les acteurs agroalimentaires, les \u00e9quipes Tereos ont relev\u00e9 que les consommateurs privil\u00e9giant les prot\u00e9ines v\u00e9g\u00e9tales aux prot\u00e9ines animales, \u00e9taient \u00e9galement demandeurs de produits bios.<\/p>\n<p>La gamme bio sera pr\u00e9sent\u00e9e pour la premi\u00e8re fois au salon<a href=\"https:\/\/natexpo.com\/\"> Natexpo<\/a>, fin octobre, mais le produit a d\u00e9j\u00e0 s\u00e9duit nos clients avec une premi\u00e8re commande d\u00e9j\u00e0 effectu\u00e9e! Cette gamme sera par la suite commercialis\u00e9e sur les circuits traditionnels d\u2019Epi&amp;Co, notamment la restauration hors domicile.<\/p>\n<p>Premi\u00e8re activit\u00e9 \u00ab produits amylac\u00e9s \u00bb de Tereos \u00e0 recevoir la certification biologique, Epi&amp;Co ouvre ainsi la voie \u00e0 d\u2019autres projets de d\u00e9veloppement de l\u2019activit\u00e9 Bio du Groupe.<\/p>\n<p><strong>Un portefeuille international de produits bio<\/strong><\/p>\n<p>La d\u00e9clinaison bio de la Gamme Epi&amp;Co s\u2019inscrit dans une d\u00e9marche plus globale du Groupe, de d\u00e9veloppement de son activit\u00e9 Bio. Disposant d\u2019une exp\u00e9rience de longue date dans la distribution de sucre bio en Europe, Tereos a lanc\u00e9 en 2019 une gamme propre de produits bio : sucre, alcool, prot\u00e9ines v\u00e9g\u00e9tales et produits d\u2019alimentation animale. Le Groupe a lanc\u00e9 des fili\u00e8res betterave et luzerne bio en France, et d\u00e9veloppe des fili\u00e8res de canne bio au Br\u00e9sil et en Afrique.<\/p>\n"}]}},"yoast_head":"<!-- This site is optimized with the Yoast SEO plugin v23.7 - https:\/\/yoast.com\/wordpress\/plugins\/seo\/ -->\n<title>Epi&amp;Co passe au bio ! - Tereos<\/title>\n<meta name=\"robots\" content=\"index, follow, max-snippet:-1, max-image-preview:large, max-video-preview:-1\" \/>\n<link rel=\"canonical\" href=\"https:\/\/tereos.com\/fr\/actualites\/epico-passe-au-bio\/\" \/>\n<meta property=\"og:locale\" content=\"fr_FR\" \/>\n<meta property=\"og:type\" content=\"article\" \/>\n<meta property=\"og:title\" content=\"Epi&amp;Co passe au bio ! - Tereos\" \/>\n<meta property=\"og:url\" content=\"https:\/\/tereos.com\/fr\/actualites\/epico-passe-au-bio\/\" \/>\n<meta property=\"og:site_name\" content=\"Tereos\" \/>\n<meta property=\"article:modified_time\" content=\"2019-10-21T11:11:36+00:00\" \/>\n<meta property=\"og:image\" content=\"https:\/\/www.tereos.com\/app\/uploads\/2019\/02\/tereos-cremeux-pois-casses-vegetal.jpg\" \/>\n\t<meta property=\"og:image:width\" content=\"1024\" \/>\n\t<meta property=\"og:image:height\" content=\"1024\" \/>\n\t<meta property=\"og:image:type\" content=\"image\/jpeg\" \/>\n<meta name=\"twitter:card\" content=\"summary_large_image\" \/>\n<script type=\"application\/ld+json\" class=\"yoast-schema-graph\">{\"@context\":\"https:\/\/schema.org\",\"@graph\":[{\"@type\":\"WebPage\",\"@id\":\"https:\/\/tereos.com\/fr\/actualites\/epico-passe-au-bio\/\",\"url\":\"https:\/\/tereos.com\/fr\/actualites\/epico-passe-au-bio\/\",\"name\":\"Epi&Co passe au bio ! - Tereos\",\"isPartOf\":{\"@id\":\"https:\/\/tereos.com\/en\/#website\"},\"primaryImageOfPage\":{\"@id\":\"https:\/\/tereos.com\/fr\/actualites\/epico-passe-au-bio\/#primaryimage\"},\"image\":{\"@id\":\"https:\/\/tereos.com\/fr\/actualites\/epico-passe-au-bio\/#primaryimage\"},\"thumbnailUrl\":\"https:\/\/www.tereos.com\/app\/uploads\/2019\/02\/tereos-cremeux-pois-casses-vegetal.jpg\",\"datePublished\":\"2019-10-21T10:53:08+00:00\",\"dateModified\":\"2019-10-21T11:11:36+00:00\",\"breadcrumb\":{\"@id\":\"https:\/\/tereos.com\/fr\/actualites\/epico-passe-au-bio\/#breadcrumb\"},\"inLanguage\":\"fr-FR\",\"potentialAction\":[{\"@type\":\"ReadAction\",\"target\":[\"https:\/\/tereos.com\/fr\/actualites\/epico-passe-au-bio\/\"]}]},{\"@type\":\"ImageObject\",\"inLanguage\":\"fr-FR\",\"@id\":\"https:\/\/tereos.com\/fr\/actualites\/epico-passe-au-bio\/#primaryimage\",\"url\":\"https:\/\/www.tereos.com\/app\/uploads\/2019\/02\/tereos-cremeux-pois-casses-vegetal.jpg\",\"contentUrl\":\"https:\/\/www.tereos.com\/app\/uploads\/2019\/02\/tereos-cremeux-pois-casses-vegetal.jpg\",\"width\":3490,\"height\":3490},{\"@type\":\"BreadcrumbList\",\"@id\":\"https:\/\/tereos.com\/fr\/actualites\/epico-passe-au-bio\/#breadcrumb\",\"itemListElement\":[{\"@type\":\"ListItem\",\"position\":1,\"name\":\"Home\",\"item\":\"https:\/\/tereos.com\/fr\/\"},{\"@type\":\"ListItem\",\"position\":2,\"name\":\"Epi&#038;Co passe au bio !\"}]},{\"@type\":\"WebSite\",\"@id\":\"https:\/\/tereos.com\/en\/#website\",\"url\":\"https:\/\/tereos.com\/en\/\",\"name\":\"Tereos\",\"description\":\"Un site utilisant WordPress\",\"potentialAction\":[{\"@type\":\"SearchAction\",\"target\":{\"@type\":\"EntryPoint\",\"urlTemplate\":\"https:\/\/tereos.com\/en\/?s={search_term_string}\"},\"query-input\":{\"@type\":\"PropertyValueSpecification\",\"valueRequired\":true,\"valueName\":\"search_term_string\"}}],\"inLanguage\":\"fr-FR\"}]}<\/script>\n<!-- \/ Yoast SEO plugin. -->","yoast_head_json":{"title":"Epi&Co passe au bio ! - Tereos","robots":{"index":"index","follow":"follow","max-snippet":"max-snippet:-1","max-image-preview":"max-image-preview:large","max-video-preview":"max-video-preview:-1"},"canonical":"https:\/\/tereos.com\/fr\/actualites\/epico-passe-au-bio\/","og_locale":"fr_FR","og_type":"article","og_title":"Epi&Co passe au bio ! - Tereos","og_url":"https:\/\/tereos.com\/fr\/actualites\/epico-passe-au-bio\/","og_site_name":"Tereos","article_modified_time":"2019-10-21T11:11:36+00:00","og_image":[{"url":"https:\/\/www.tereos.com\/app\/uploads\/2019\/02\/tereos-cremeux-pois-casses-vegetal.jpg","width":1024,"height":1024,"type":"image\/jpeg"}],"twitter_card":"summary_large_image","schema":{"@context":"https:\/\/schema.org","@graph":[{"@type":"WebPage","@id":"https:\/\/tereos.com\/fr\/actualites\/epico-passe-au-bio\/","url":"https:\/\/tereos.com\/fr\/actualites\/epico-passe-au-bio\/","name":"Epi&Co passe au bio ! - Tereos","isPartOf":{"@id":"https:\/\/tereos.com\/en\/#website"},"primaryImageOfPage":{"@id":"https:\/\/tereos.com\/fr\/actualites\/epico-passe-au-bio\/#primaryimage"},"image":{"@id":"https:\/\/tereos.com\/fr\/actualites\/epico-passe-au-bio\/#primaryimage"},"thumbnailUrl":"https:\/\/www.tereos.com\/app\/uploads\/2019\/02\/tereos-cremeux-pois-casses-vegetal.jpg","datePublished":"2019-10-21T10:53:08+00:00","dateModified":"2019-10-21T11:11:36+00:00","breadcrumb":{"@id":"https:\/\/tereos.com\/fr\/actualites\/epico-passe-au-bio\/#breadcrumb"},"inLanguage":"fr-FR","potentialAction":[{"@type":"ReadAction","target":["https:\/\/tereos.com\/fr\/actualites\/epico-passe-au-bio\/"]}]},{"@type":"ImageObject","inLanguage":"fr-FR","@id":"https:\/\/tereos.com\/fr\/actualites\/epico-passe-au-bio\/#primaryimage","url":"https:\/\/www.tereos.com\/app\/uploads\/2019\/02\/tereos-cremeux-pois-casses-vegetal.jpg","contentUrl":"https:\/\/www.tereos.com\/app\/uploads\/2019\/02\/tereos-cremeux-pois-casses-vegetal.jpg","width":3490,"height":3490},{"@type":"BreadcrumbList","@id":"https:\/\/tereos.com\/fr\/actualites\/epico-passe-au-bio\/#breadcrumb","itemListElement":[{"@type":"ListItem","position":1,"name":"Home","item":"https:\/\/tereos.com\/fr\/"},{"@type":"ListItem","position":2,"name":"Epi&#038;Co passe au bio !"}]},{"@type":"WebSite","@id":"https:\/\/tereos.com\/en\/#website","url":"https:\/\/tereos.com\/en\/","name":"Tereos","description":"Un site utilisant WordPress","potentialAction":[{"@type":"SearchAction","target":{"@type":"EntryPoint","urlTemplate":"https:\/\/tereos.com\/en\/?s={search_term_string}"},"query-input":{"@type":"PropertyValueSpecification","valueRequired":true,"valueName":"search_term_string"}}],"inLanguage":"fr-FR"}]}},"featured_media_src":"https:\/\/www.tereos.com\/app\/uploads\/2019\/02\/tereos-cremeux-pois-casses-vegetal-520x390-c-default.jpg","date_formatted":"21 octobre 2019 ","_links":{"self":[{"href":"https:\/\/tereos.com\/fr\/wp-json\/wp\/v2\/news\/6627"}],"collection":[{"href":"https:\/\/tereos.com\/fr\/wp-json\/wp\/v2\/news"}],"about":[{"href":"https:\/\/tereos.com\/fr\/wp-json\/wp\/v2\/types\/news"}],"author":[{"embeddable":true,"href":"https:\/\/tereos.com\/fr\/wp-json\/wp\/v2\/users\/9"}],"version-history":[{"count":3,"href":"https:\/\/tereos.com\/fr\/wp-json\/wp\/v2\/news\/6627\/revisions"}],"predecessor-version":[{"id":6646,"href":"https:\/\/tereos.com\/fr\/wp-json\/wp\/v2\/news\/6627\/revisions\/6646"}],"wp:featuredmedia":[{"embeddable":true,"href":"https:\/\/tereos.com\/fr\/wp-json\/wp\/v2\/media\/1285"}],"wp:attachment":[{"href":"https:\/\/tereos.com\/fr\/wp-json\/wp\/v2\/media?parent=6627"}],"wp:term":[{"taxonomy":"category","embeddable":true,"href":"https:\/\/tereos.com\/fr\/wp-json\/wp\/v2\/categories?post=6627"}],"curies":[{"name":"wp","href":"https:\/\/api.w.org\/{rel}","templated":true}]}}