{"id":7227,"date":"2019-12-23T14:25:11","date_gmt":"2019-12-23T13:25:11","guid":{"rendered":"https:\/\/tereos.com\/?post_type=news&#038;p=7227"},"modified":"2019-12-23T14:47:10","modified_gmt":"2019-12-23T13:47:10","slug":"a-la-suite-du-deces-de-claude-cochonneau-president-des-chambres-dagriculture","status":"publish","type":"news","link":"https:\/\/tereos.com\/fr\/actualites\/a-la-suite-du-deces-de-claude-cochonneau-president-des-chambres-dagriculture\/","title":{"rendered":"Communiqu\u00e9 Tereos"},"author":9,"featured_media":0,"template":"","categories":[],"class_list":["post-7227","news","type-news","status-publish","hentry"],"acf":{"cover_image":false,"cover_clone":{"cover_image":false},"headline":"","headline_clone":{"headline":""},"sections":[{"acf_fc_layout":"rich_text","anchor_title":"","text":"<p>A la suite du d\u00e9c\u00e8s de Claude Cochonneau &#8211; Pr\u00e9sident des Chambres d\u2019agriculture &#8211; Le Directoire et le Conseil de Surveillance de Tereos ainsi que les Associ\u00e9s de la Coop\u00e9rative expriment leur tristesse face \u00e0 ce tragique \u00e9v\u00e9nement mais aussi leur soutien au r\u00e9seau des Pr\u00e9sidents des Chambres d\u2019agriculture, \u00e0 leur personnel, ainsi qu\u2019\u00e0 la famille et aux proches de Monsieur Cochonneau.<\/p>\n"}],"flexible_editorial_clone":{"has_anchors":false,"sections":[{"acf_fc_layout":"rich_text","anchor_title":"","text":"<p>A la suite du d\u00e9c\u00e8s de Claude Cochonneau &#8211; Pr\u00e9sident des Chambres d\u2019agriculture &#8211; Le Directoire et le Conseil de Surveillance de Tereos ainsi que les Associ\u00e9s de la Coop\u00e9rative expriment leur tristesse face \u00e0 ce tragique \u00e9v\u00e9nement mais aussi leur soutien au r\u00e9seau des Pr\u00e9sidents des Chambres d\u2019agriculture, \u00e0 leur personnel, ainsi qu\u2019\u00e0 la famille et aux proches de Monsieur Cochonneau.<\/p>\n"}]}},"yoast_head":"<!-- This site is optimized with the Yoast SEO plugin v23.7 - https:\/\/yoast.com\/wordpress\/plugins\/seo\/ -->\n<title>Communiqu\u00e9 Tereos - Tereos<\/title>\n<meta name=\"robots\" content=\"index, follow, max-snippet:-1, max-image-preview:large, max-video-preview:-1\" \/>\n<link rel=\"canonical\" href=\"https:\/\/tereos.com\/fr\/actualites\/a-la-suite-du-deces-de-claude-cochonneau-president-des-chambres-dagriculture\/\" \/>\n<meta property=\"og:locale\" content=\"fr_FR\" \/>\n<meta property=\"og:type\" content=\"article\" \/>\n<meta property=\"og:title\" content=\"Communiqu\u00e9 Tereos - Tereos\" \/>\n<meta property=\"og:url\" content=\"https:\/\/tereos.com\/fr\/actualites\/a-la-suite-du-deces-de-claude-cochonneau-president-des-chambres-dagriculture\/\" \/>\n<meta property=\"og:site_name\" content=\"Tereos\" \/>\n<meta property=\"article:modified_time\" content=\"2019-12-23T13:47:10+00:00\" \/>\n<meta name=\"twitter:card\" content=\"summary_large_image\" \/>\n<script type=\"application\/ld+json\" class=\"yoast-schema-graph\">{\"@context\":\"https:\/\/schema.org\",\"@graph\":[{\"@type\":\"WebPage\",\"@id\":\"https:\/\/tereos.com\/fr\/actualites\/a-la-suite-du-deces-de-claude-cochonneau-president-des-chambres-dagriculture\/\",\"url\":\"https:\/\/tereos.com\/fr\/actualites\/a-la-suite-du-deces-de-claude-cochonneau-president-des-chambres-dagriculture\/\",\"name\":\"Communiqu\u00e9 Tereos - Tereos\",\"isPartOf\":{\"@id\":\"https:\/\/tereos.com\/en\/#website\"},\"datePublished\":\"2019-12-23T13:25:11+00:00\",\"dateModified\":\"2019-12-23T13:47:10+00:00\",\"breadcrumb\":{\"@id\":\"https:\/\/tereos.com\/fr\/actualites\/a-la-suite-du-deces-de-claude-cochonneau-president-des-chambres-dagriculture\/#breadcrumb\"},\"inLanguage\":\"fr-FR\",\"potentialAction\":[{\"@type\":\"ReadAction\",\"target\":[\"https:\/\/tereos.com\/fr\/actualites\/a-la-suite-du-deces-de-claude-cochonneau-president-des-chambres-dagriculture\/\"]}]},{\"@type\":\"BreadcrumbList\",\"@id\":\"https:\/\/tereos.com\/fr\/actualites\/a-la-suite-du-deces-de-claude-cochonneau-president-des-chambres-dagriculture\/#breadcrumb\",\"itemListElement\":[{\"@type\":\"ListItem\",\"position\":1,\"name\":\"Home\",\"item\":\"https:\/\/tereos.com\/fr\/\"},{\"@type\":\"ListItem\",\"position\":2,\"name\":\"Communiqu\u00e9 Tereos\"}]},{\"@type\":\"WebSite\",\"@id\":\"https:\/\/tereos.com\/en\/#website\",\"url\":\"https:\/\/tereos.com\/en\/\",\"name\":\"Tereos\",\"description\":\"Un site utilisant WordPress\",\"potentialAction\":[{\"@type\":\"SearchAction\",\"target\":{\"@type\":\"EntryPoint\",\"urlTemplate\":\"https:\/\/tereos.com\/en\/?s={search_term_string}\"},\"query-input\":{\"@type\":\"PropertyValueSpecification\",\"valueRequired\":true,\"valueName\":\"search_term_string\"}}],\"inLanguage\":\"fr-FR\"}]}<\/script>\n<!-- \/ Yoast SEO plugin. -->","yoast_head_json":{"title":"Communiqu\u00e9 Tereos - Tereos","robots":{"index":"index","follow":"follow","max-snippet":"max-snippet:-1","max-image-preview":"max-image-preview:large","max-video-preview":"max-video-preview:-1"},"canonical":"https:\/\/tereos.com\/fr\/actualites\/a-la-suite-du-deces-de-claude-cochonneau-president-des-chambres-dagriculture\/","og_locale":"fr_FR","og_type":"article","og_title":"Communiqu\u00e9 Tereos - Tereos","og_url":"https:\/\/tereos.com\/fr\/actualites\/a-la-suite-du-deces-de-claude-cochonneau-president-des-chambres-dagriculture\/","og_site_name":"Tereos","article_modified_time":"2019-12-23T13:47:10+00:00","twitter_card":"summary_large_image","schema":{"@context":"https:\/\/schema.org","@graph":[{"@type":"WebPage","@id":"https:\/\/tereos.com\/fr\/actualites\/a-la-suite-du-deces-de-claude-cochonneau-president-des-chambres-dagriculture\/","url":"https:\/\/tereos.com\/fr\/actualites\/a-la-suite-du-deces-de-claude-cochonneau-president-des-chambres-dagriculture\/","name":"Communiqu\u00e9 Tereos - Tereos","isPartOf":{"@id":"https:\/\/tereos.com\/en\/#website"},"datePublished":"2019-12-23T13:25:11+00:00","dateModified":"2019-12-23T13:47:10+00:00","breadcrumb":{"@id":"https:\/\/tereos.com\/fr\/actualites\/a-la-suite-du-deces-de-claude-cochonneau-president-des-chambres-dagriculture\/#breadcrumb"},"inLanguage":"fr-FR","potentialAction":[{"@type":"ReadAction","target":["https:\/\/tereos.com\/fr\/actualites\/a-la-suite-du-deces-de-claude-cochonneau-president-des-chambres-dagriculture\/"]}]},{"@type":"BreadcrumbList","@id":"https:\/\/tereos.com\/fr\/actualites\/a-la-suite-du-deces-de-claude-cochonneau-president-des-chambres-dagriculture\/#breadcrumb","itemListElement":[{"@type":"ListItem","position":1,"name":"Home","item":"https:\/\/tereos.com\/fr\/"},{"@type":"ListItem","position":2,"name":"Communiqu\u00e9 Tereos"}]},{"@type":"WebSite","@id":"https:\/\/tereos.com\/en\/#website","url":"https:\/\/tereos.com\/en\/","name":"Tereos","description":"Un site utilisant WordPress","potentialAction":[{"@type":"SearchAction","target":{"@type":"EntryPoint","urlTemplate":"https:\/\/tereos.com\/en\/?s={search_term_string}"},"query-input":{"@type":"PropertyValueSpecification","valueRequired":true,"valueName":"search_term_string"}}],"inLanguage":"fr-FR"}]}},"featured_media_src":false,"date_formatted":"23 d\u00e9cembre 2019 ","_links":{"self":[{"href":"https:\/\/tereos.com\/fr\/wp-json\/wp\/v2\/news\/7227"}],"collection":[{"href":"https:\/\/tereos.com\/fr\/wp-json\/wp\/v2\/news"}],"about":[{"href":"https:\/\/tereos.com\/fr\/wp-json\/wp\/v2\/types\/news"}],"author":[{"embeddable":true,"href":"https:\/\/tereos.com\/fr\/wp-json\/wp\/v2\/users\/9"}],"version-history":[{"count":3,"href":"https:\/\/tereos.com\/fr\/wp-json\/wp\/v2\/news\/7227\/revisions"}],"predecessor-version":[{"id":7232,"href":"https:\/\/tereos.com\/fr\/wp-json\/wp\/v2\/news\/7227\/revisions\/7232"}],"wp:attachment":[{"href":"https:\/\/tereos.com\/fr\/wp-json\/wp\/v2\/media?parent=7227"}],"wp:term":[{"taxonomy":"category","embeddable":true,"href":"https:\/\/tereos.com\/fr\/wp-json\/wp\/v2\/categories?post=7227"}],"curies":[{"name":"wp","href":"https:\/\/api.w.org\/{rel}","templated":true}]}}