{"id":7823,"date":"2020-03-05T16:00:22","date_gmt":"2020-03-05T15:00:22","guid":{"rendered":"https:\/\/tereos.com\/?post_type=news&#038;p=7823"},"modified":"2020-03-05T17:13:40","modified_gmt":"2020-03-05T16:13:40","slug":"le-nouveau-site-web-de-tereos-se-decline-au-bresil","status":"publish","type":"news","link":"https:\/\/tereos.com\/fr\/actualites\/le-nouveau-site-web-de-tereos-se-decline-au-bresil\/","title":{"rendered":"Le nouveau site web de Tereos se d\u00e9cline au Br\u00e9sil"},"author":9,"featured_media":4524,"template":"","categories":[],"class_list":["post-7823","news","type-news","status-publish","has-post-thumbnail","hentry"],"acf":{"cover_image":4524,"cover_clone":{"cover_image":4524},"headline":"Apr\u00e8s avoir fait peau neuve \u00e0 l\u2019\u00e9t\u00e9 2019,\u00a0tereos.com\u00a0\u00a0poursuit\u00a0son \u00e9volution en proposant une\u00a0plateforme\u00a0par pays.\u00a0<br \/>\r\n","headline_clone":{"headline":"Apr\u00e8s avoir fait peau neuve \u00e0 l\u2019\u00e9t\u00e9 2019,\u00a0tereos.com\u00a0\u00a0poursuit\u00a0son \u00e9volution en proposant une\u00a0plateforme\u00a0par pays.\u00a0<br \/>\r\n"},"sections":[{"acf_fc_layout":"rich_text","anchor_title":"","text":"<p lang=\"FR-FR\"><img loading=\"lazy\" decoding=\"async\" class=\"wp-image-7825 aligncenter\" src=\"https:\/\/tereos.com\/app\/uploads\/2020\/03\/illu-fr-test-1.png\" alt=\"\" width=\"619\" height=\"191\" srcset=\"https:\/\/www.tereos.com\/app\/uploads\/2020\/03\/illu-fr-test-1.png 6276w, https:\/\/www.tereos.com\/app\/uploads\/2020\/03\/illu-fr-test-1-300x93.png 300w\" sizes=\"(max-width: 619px) 100vw, 619px\" \/><\/p>\n<p lang=\"FR-FR\">En\u00a0f\u00e9vrier\u00a02020, le Br\u00e9sil fait\u00a0office de\u00a0\u00ab\u202fpilote\u202f\u00bb pour le\u00a0premier site web local\u202f:\u00a0<a href=\"http:\/\/br.tereos.com\/\" target=\"_blank\" rel=\"noopener\" data-cke-saved-href=\"http:\/\/br.tereos.com\/\">br.tereos.com<\/a>.\u00a0Il\u00a0sera\u00a0consacr\u00e9\u00a0aux activit\u00e9s\u00a0br\u00e9siliennes\u00a0du Groupe. Aliment\u00e9 par\u00a0les \u00e9quipes\u00a0Tereos Br\u00e9sil\u00a0et\u00a0accompagn\u00e9\u00a0par l\u2019\u00e9quipe\u00a0communication digitale\u00a0corporate, ce site vise \u00e0 allier\u00a0un\u00a0fort impact global r\u00e9pondant\u00a0\u00e9galement\u00a0aux besoins\u00a0de nos pays d\u2019implantation.<\/p>\n<p>Au-del\u00e0 de\u00a0l\u2019harmonie graphique\u00a0apport\u00e9e par l\u2019approche \u201cmultisites\u201d, <strong>les versions pays\u00a0sont une\u00a0mine d\u2019informations\u00a0mettant en avant les richesses de nos activit\u00e9s<\/strong> :\u00a0mati\u00e8res premi\u00e8res, march\u00e9s, produits, actualit\u00e9s, informations sur le pays\u2026<\/p>\n<p>Prochaine \u00e9tape ?\u00a0La poursuite de la d\u00e9clinaison avec\u00a0la Roumanie,\u00a0la R\u00e9publique tch\u00e8que,\u00a0la\u00a0France et\u00a0la\u00a0Belgique.<\/p>\n<h3>\u00a0 \u00a0 \u00a0 \u00a0 \u00a0 \u00a0 \u00a0 \u00a0 \u00a0 \u00a0 \u00a0 \u00a0 \u00a0 \u00a0 \u00a0 \u00a0 \u00a0 \u00a0 \u00a0 \u00a0 \u00a0 \u00a0 \u00a0 \u00a0 \u00a0 \u00a0 \u00a0 \u00a0 \u00a0 \u00a0 \u00a0 \u00a0 \u00a0 \u00a0<a href=\"http:\/\/br.tereos.com\/\">A vos clics\u00a0!\u00a0<\/a><\/h3>\n"}],"flexible_editorial_clone":{"has_anchors":false,"sections":[{"acf_fc_layout":"rich_text","anchor_title":"","text":"<p lang=\"FR-FR\"><img loading=\"lazy\" decoding=\"async\" class=\"wp-image-7825 aligncenter\" src=\"https:\/\/tereos.com\/app\/uploads\/2020\/03\/illu-fr-test-1.png\" alt=\"\" width=\"619\" height=\"191\" srcset=\"https:\/\/www.tereos.com\/app\/uploads\/2020\/03\/illu-fr-test-1.png 6276w, https:\/\/www.tereos.com\/app\/uploads\/2020\/03\/illu-fr-test-1-300x93.png 300w\" sizes=\"(max-width: 619px) 100vw, 619px\" \/><\/p>\n<p lang=\"FR-FR\">En\u00a0f\u00e9vrier\u00a02020, le Br\u00e9sil fait\u00a0office de\u00a0\u00ab\u202fpilote\u202f\u00bb pour le\u00a0premier site web local\u202f:\u00a0<a href=\"http:\/\/br.tereos.com\/\" target=\"_blank\" rel=\"noopener\" data-cke-saved-href=\"http:\/\/br.tereos.com\/\">br.tereos.com<\/a>.\u00a0Il\u00a0sera\u00a0consacr\u00e9\u00a0aux activit\u00e9s\u00a0br\u00e9siliennes\u00a0du Groupe. Aliment\u00e9 par\u00a0les \u00e9quipes\u00a0Tereos Br\u00e9sil\u00a0et\u00a0accompagn\u00e9\u00a0par l\u2019\u00e9quipe\u00a0communication digitale\u00a0corporate, ce site vise \u00e0 allier\u00a0un\u00a0fort impact global r\u00e9pondant\u00a0\u00e9galement\u00a0aux besoins\u00a0de nos pays d\u2019implantation.<\/p>\n<p>Au-del\u00e0 de\u00a0l\u2019harmonie graphique\u00a0apport\u00e9e par l\u2019approche \u201cmultisites\u201d, <strong>les versions pays\u00a0sont une\u00a0mine d\u2019informations\u00a0mettant en avant les richesses de nos activit\u00e9s<\/strong> :\u00a0mati\u00e8res premi\u00e8res, march\u00e9s, produits, actualit\u00e9s, informations sur le pays\u2026<\/p>\n<p>Prochaine \u00e9tape ?\u00a0La poursuite de la d\u00e9clinaison avec\u00a0la Roumanie,\u00a0la R\u00e9publique tch\u00e8que,\u00a0la\u00a0France et\u00a0la\u00a0Belgique.<\/p>\n<h3>\u00a0 \u00a0 \u00a0 \u00a0 \u00a0 \u00a0 \u00a0 \u00a0 \u00a0 \u00a0 \u00a0 \u00a0 \u00a0 \u00a0 \u00a0 \u00a0 \u00a0 \u00a0 \u00a0 \u00a0 \u00a0 \u00a0 \u00a0 \u00a0 \u00a0 \u00a0 \u00a0 \u00a0 \u00a0 \u00a0 \u00a0 \u00a0 \u00a0 \u00a0<a href=\"http:\/\/br.tereos.com\/\">A vos clics\u00a0!\u00a0<\/a><\/h3>\n"}]}},"yoast_head":"<!-- This site is optimized with the Yoast SEO plugin v23.7 - https:\/\/yoast.com\/wordpress\/plugins\/seo\/ -->\n<title>Le nouveau site web de Tereos se d\u00e9cline au Br\u00e9sil - Tereos<\/title>\n<meta name=\"robots\" content=\"index, follow, max-snippet:-1, max-image-preview:large, max-video-preview:-1\" \/>\n<link rel=\"canonical\" href=\"https:\/\/tereos.com\/fr\/actualites\/le-nouveau-site-web-de-tereos-se-decline-au-bresil\/\" \/>\n<meta property=\"og:locale\" content=\"fr_FR\" \/>\n<meta property=\"og:type\" content=\"article\" \/>\n<meta property=\"og:title\" content=\"Le nouveau site web de Tereos se d\u00e9cline au Br\u00e9sil - Tereos\" \/>\n<meta property=\"og:url\" content=\"https:\/\/tereos.com\/fr\/actualites\/le-nouveau-site-web-de-tereos-se-decline-au-bresil\/\" \/>\n<meta property=\"og:site_name\" content=\"Tereos\" \/>\n<meta property=\"article:modified_time\" content=\"2020-03-05T16:13:40+00:00\" \/>\n<meta property=\"og:image\" content=\"https:\/\/tereos.com\/app\/uploads\/2019\/06\/thumbnail2.jpg\" \/>\n\t<meta property=\"og:image:width\" content=\"1920\" \/>\n\t<meta property=\"og:image:height\" content=\"1440\" \/>\n\t<meta property=\"og:image:type\" content=\"image\/jpeg\" \/>\n<meta name=\"twitter:card\" content=\"summary_large_image\" \/>\n<script type=\"application\/ld+json\" class=\"yoast-schema-graph\">{\"@context\":\"https:\/\/schema.org\",\"@graph\":[{\"@type\":\"WebPage\",\"@id\":\"https:\/\/tereos.com\/fr\/actualites\/le-nouveau-site-web-de-tereos-se-decline-au-bresil\/\",\"url\":\"https:\/\/tereos.com\/fr\/actualites\/le-nouveau-site-web-de-tereos-se-decline-au-bresil\/\",\"name\":\"Le nouveau site web de Tereos se d\u00e9cline au Br\u00e9sil - Tereos\",\"isPartOf\":{\"@id\":\"https:\/\/tereos.com\/en\/#website\"},\"primaryImageOfPage\":{\"@id\":\"https:\/\/tereos.com\/fr\/actualites\/le-nouveau-site-web-de-tereos-se-decline-au-bresil\/#primaryimage\"},\"image\":{\"@id\":\"https:\/\/tereos.com\/fr\/actualites\/le-nouveau-site-web-de-tereos-se-decline-au-bresil\/#primaryimage\"},\"thumbnailUrl\":\"https:\/\/www.tereos.com\/app\/uploads\/2019\/06\/thumbnail2.jpg\",\"datePublished\":\"2020-03-05T15:00:22+00:00\",\"dateModified\":\"2020-03-05T16:13:40+00:00\",\"breadcrumb\":{\"@id\":\"https:\/\/tereos.com\/fr\/actualites\/le-nouveau-site-web-de-tereos-se-decline-au-bresil\/#breadcrumb\"},\"inLanguage\":\"fr-FR\",\"potentialAction\":[{\"@type\":\"ReadAction\",\"target\":[\"https:\/\/tereos.com\/fr\/actualites\/le-nouveau-site-web-de-tereos-se-decline-au-bresil\/\"]}]},{\"@type\":\"ImageObject\",\"inLanguage\":\"fr-FR\",\"@id\":\"https:\/\/tereos.com\/fr\/actualites\/le-nouveau-site-web-de-tereos-se-decline-au-bresil\/#primaryimage\",\"url\":\"https:\/\/www.tereos.com\/app\/uploads\/2019\/06\/thumbnail2.jpg\",\"contentUrl\":\"https:\/\/www.tereos.com\/app\/uploads\/2019\/06\/thumbnail2.jpg\",\"width\":1920,\"height\":1440},{\"@type\":\"BreadcrumbList\",\"@id\":\"https:\/\/tereos.com\/fr\/actualites\/le-nouveau-site-web-de-tereos-se-decline-au-bresil\/#breadcrumb\",\"itemListElement\":[{\"@type\":\"ListItem\",\"position\":1,\"name\":\"Home\",\"item\":\"https:\/\/tereos.com\/fr\/\"},{\"@type\":\"ListItem\",\"position\":2,\"name\":\"Le nouveau site web de Tereos se d\u00e9cline au Br\u00e9sil\"}]},{\"@type\":\"WebSite\",\"@id\":\"https:\/\/tereos.com\/en\/#website\",\"url\":\"https:\/\/tereos.com\/en\/\",\"name\":\"Tereos\",\"description\":\"Un site utilisant WordPress\",\"potentialAction\":[{\"@type\":\"SearchAction\",\"target\":{\"@type\":\"EntryPoint\",\"urlTemplate\":\"https:\/\/tereos.com\/en\/?s={search_term_string}\"},\"query-input\":{\"@type\":\"PropertyValueSpecification\",\"valueRequired\":true,\"valueName\":\"search_term_string\"}}],\"inLanguage\":\"fr-FR\"}]}<\/script>\n<!-- \/ Yoast SEO plugin. -->","yoast_head_json":{"title":"Le nouveau site web de Tereos se d\u00e9cline au Br\u00e9sil - Tereos","robots":{"index":"index","follow":"follow","max-snippet":"max-snippet:-1","max-image-preview":"max-image-preview:large","max-video-preview":"max-video-preview:-1"},"canonical":"https:\/\/tereos.com\/fr\/actualites\/le-nouveau-site-web-de-tereos-se-decline-au-bresil\/","og_locale":"fr_FR","og_type":"article","og_title":"Le nouveau site web de Tereos se d\u00e9cline au Br\u00e9sil - Tereos","og_url":"https:\/\/tereos.com\/fr\/actualites\/le-nouveau-site-web-de-tereos-se-decline-au-bresil\/","og_site_name":"Tereos","article_modified_time":"2020-03-05T16:13:40+00:00","og_image":[{"width":1920,"height":1440,"url":"https:\/\/tereos.com\/app\/uploads\/2019\/06\/thumbnail2.jpg","type":"image\/jpeg"}],"twitter_card":"summary_large_image","schema":{"@context":"https:\/\/schema.org","@graph":[{"@type":"WebPage","@id":"https:\/\/tereos.com\/fr\/actualites\/le-nouveau-site-web-de-tereos-se-decline-au-bresil\/","url":"https:\/\/tereos.com\/fr\/actualites\/le-nouveau-site-web-de-tereos-se-decline-au-bresil\/","name":"Le nouveau site web de Tereos se d\u00e9cline au Br\u00e9sil - Tereos","isPartOf":{"@id":"https:\/\/tereos.com\/en\/#website"},"primaryImageOfPage":{"@id":"https:\/\/tereos.com\/fr\/actualites\/le-nouveau-site-web-de-tereos-se-decline-au-bresil\/#primaryimage"},"image":{"@id":"https:\/\/tereos.com\/fr\/actualites\/le-nouveau-site-web-de-tereos-se-decline-au-bresil\/#primaryimage"},"thumbnailUrl":"https:\/\/www.tereos.com\/app\/uploads\/2019\/06\/thumbnail2.jpg","datePublished":"2020-03-05T15:00:22+00:00","dateModified":"2020-03-05T16:13:40+00:00","breadcrumb":{"@id":"https:\/\/tereos.com\/fr\/actualites\/le-nouveau-site-web-de-tereos-se-decline-au-bresil\/#breadcrumb"},"inLanguage":"fr-FR","potentialAction":[{"@type":"ReadAction","target":["https:\/\/tereos.com\/fr\/actualites\/le-nouveau-site-web-de-tereos-se-decline-au-bresil\/"]}]},{"@type":"ImageObject","inLanguage":"fr-FR","@id":"https:\/\/tereos.com\/fr\/actualites\/le-nouveau-site-web-de-tereos-se-decline-au-bresil\/#primaryimage","url":"https:\/\/www.tereos.com\/app\/uploads\/2019\/06\/thumbnail2.jpg","contentUrl":"https:\/\/www.tereos.com\/app\/uploads\/2019\/06\/thumbnail2.jpg","width":1920,"height":1440},{"@type":"BreadcrumbList","@id":"https:\/\/tereos.com\/fr\/actualites\/le-nouveau-site-web-de-tereos-se-decline-au-bresil\/#breadcrumb","itemListElement":[{"@type":"ListItem","position":1,"name":"Home","item":"https:\/\/tereos.com\/fr\/"},{"@type":"ListItem","position":2,"name":"Le nouveau site web de Tereos se d\u00e9cline au Br\u00e9sil"}]},{"@type":"WebSite","@id":"https:\/\/tereos.com\/en\/#website","url":"https:\/\/tereos.com\/en\/","name":"Tereos","description":"Un site utilisant WordPress","potentialAction":[{"@type":"SearchAction","target":{"@type":"EntryPoint","urlTemplate":"https:\/\/tereos.com\/en\/?s={search_term_string}"},"query-input":{"@type":"PropertyValueSpecification","valueRequired":true,"valueName":"search_term_string"}}],"inLanguage":"fr-FR"}]}},"featured_media_src":"https:\/\/www.tereos.com\/app\/uploads\/2019\/06\/thumbnail2-520x390-c-default.jpg","date_formatted":"5 mars 2020 ","_links":{"self":[{"href":"https:\/\/tereos.com\/fr\/wp-json\/wp\/v2\/news\/7823"}],"collection":[{"href":"https:\/\/tereos.com\/fr\/wp-json\/wp\/v2\/news"}],"about":[{"href":"https:\/\/tereos.com\/fr\/wp-json\/wp\/v2\/types\/news"}],"author":[{"embeddable":true,"href":"https:\/\/tereos.com\/fr\/wp-json\/wp\/v2\/users\/9"}],"version-history":[{"count":3,"href":"https:\/\/tereos.com\/fr\/wp-json\/wp\/v2\/news\/7823\/revisions"}],"predecessor-version":[{"id":7830,"href":"https:\/\/tereos.com\/fr\/wp-json\/wp\/v2\/news\/7823\/revisions\/7830"}],"wp:featuredmedia":[{"embeddable":true,"href":"https:\/\/tereos.com\/fr\/wp-json\/wp\/v2\/media\/4524"}],"wp:attachment":[{"href":"https:\/\/tereos.com\/fr\/wp-json\/wp\/v2\/media?parent=7823"}],"wp:term":[{"taxonomy":"category","embeddable":true,"href":"https:\/\/tereos.com\/fr\/wp-json\/wp\/v2\/categories?post=7823"}],"curies":[{"name":"wp","href":"https:\/\/api.w.org\/{rel}","templated":true}]}}