{"id":9785,"date":"2020-09-02T16:34:49","date_gmt":"2020-09-02T14:34:49","guid":{"rendered":"https:\/\/tereos.com\/?post_type=news&#038;p=9785"},"modified":"2020-09-14T09:47:41","modified_gmt":"2020-09-14T07:47:41","slug":"partenariat-scientifique-renouvele","status":"publish","type":"news","link":"https:\/\/tereos.com\/fr\/actualites\/partenariat-scientifique-renouvele\/","title":{"rendered":"Partenariat scientifique renouvel\u00e9"},"author":9,"featured_media":9786,"template":"","categories":[],"class_list":["post-9785","news","type-news","status-publish","has-post-thumbnail","hentry"],"acf":{"cover_image":9786,"cover_clone":{"cover_image":9786},"headline":"eRcane et Cirad : un partenariat renouvel\u00e9.","headline_clone":{"headline":"eRcane et Cirad : un partenariat renouvel\u00e9."},"sections":[{"acf_fc_layout":"rich_text","anchor_title":"","text":"<p>Michel Eddi, Pr\u00e9sident Directeur G\u00e9n\u00e9ral du CIRAD et Philippe Labro, Pr\u00e9sident d\u2019eRcane, ont sign\u00e9 un nouvel accord-cadre de coop\u00e9ration scientifique entre les deux centres de R&amp;D pour la p\u00e9riode de 2021-2027.<\/p>\n<p>Ce nouvel accord-cadre permettra de poursuivre le partenariat fructueux au travers de leur collaboration scientifique et de renforcer leur impact et leur l\u00e9gitimit\u00e9 vis-\u00e0-vis des connaissances et du d\u00e9veloppement agricole.<\/p>\n<p><strong>Piliers de l\u2019exper<\/strong><strong>ti<\/strong><strong>se fran\u00e7aise en canne \u00e0 sucre <\/strong><\/p>\n<p>Le Cirad et eRcane sont les piliers de l\u2019expertise fran\u00e7aise en canne \u00e0 sucre.<\/p>\n<p>Les deux centres de R&amp;D, partenaires de longue date, se r\u00e9partissent les missions pour accompagner les fili\u00e8res canne sur le territoire fran\u00e7ais et \u00e0 l\u2019international.<\/p>\n<p>Les partenariats successifs ont toujours mis en avant la grande compl\u00e9mentarit\u00e9 d\u2019une recherche explicative associ\u00e9e \u00e0 une recherche exp\u00e9rimentale au service de la fili\u00e8re canne-sucre permettant de mener des travaux concrets, du laboratoire au champ, sur des th\u00e9matiques communes.<\/p>\n<p>Les agronomes et les chercheurs d\u2019eRcane et du CIRAD travaillent de concert sur plusieurs axes\u00a0:<\/p>\n<ul>\n<li>La recherche vari\u00e9tale, pour valoriser la ressource canne<\/li>\n<li>Les techniques agro\u00e9cologiques, pour r\u00e9duire l\u2019utilisation d\u2019intrants chimiques par des pratiques agricoles innovantes<\/li>\n<li>L\u2019agriculture num\u00e9rique avec les outils d\u2019Aide \u00e0 la D\u00e9cision &amp; bases de donn\u00e9es, pour mieux conna\u00eetre et ma\u00eetriser les parcelles de canne \u00e0 sucre<\/li>\n<li>Et le RITA Canne, R\u00e9seau d\u2019Innovation et de Transfert Agricole, dans le cadre d\u2019une d\u00e9marche participative.<\/li>\n<\/ul>\n<p><em>\u00ab Les relations entre le Cirad et eRcane sont historiques. Elles illustrent la parfaite compl\u00e9mentarit\u00e9 entre secteur public et priv\u00e9 dans le domaine de la recherche. Les travaux men\u00e9s en commun ont permis de faire des avanc\u00e9es significatives \u00e0 l\u2019ensemble de la fili\u00e8re et je me r\u00e9jouis de pouvoir poursuivre cette collaboration. \u00bb <\/em>Philippe Labro, Pr\u00e9sident d&#8217;eRcane<\/p>\n<p><em>\u00ab Nous nous f\u00e9licitons de la signature de ce nouvel accord de partenariat. La canne \u00e0 sucre r\u00e9unionnaise est une fili\u00e8re d\u2019enjeux importants, un formidable sujet de recherche-action et d\u2019innovation \u00e0 l\u2019\u00e9chelle du territoire et nos deux institutions ont \u00e0 coeur de contribuer \u00e0 son d\u00e9veloppement dans une approche durable pour la R\u00e9union et pour son rayonnement \u00e0 l\u2019international. Nos \u00e9quipes peuvent \u00eatre fi\u00e8res du travail accompli ces derni\u00e8res ann\u00e9es. \u00bb <\/em>Michel Eddi, PDG du Cirad<\/p>\n<p>&nbsp;<\/p>\n"}],"flexible_editorial_clone":{"has_anchors":false,"sections":[{"acf_fc_layout":"rich_text","anchor_title":"","text":"<p>Michel Eddi, Pr\u00e9sident Directeur G\u00e9n\u00e9ral du CIRAD et Philippe Labro, Pr\u00e9sident d\u2019eRcane, ont sign\u00e9 un nouvel accord-cadre de coop\u00e9ration scientifique entre les deux centres de R&amp;D pour la p\u00e9riode de 2021-2027.<\/p>\n<p>Ce nouvel accord-cadre permettra de poursuivre le partenariat fructueux au travers de leur collaboration scientifique et de renforcer leur impact et leur l\u00e9gitimit\u00e9 vis-\u00e0-vis des connaissances et du d\u00e9veloppement agricole.<\/p>\n<p><strong>Piliers de l\u2019exper<\/strong><strong>ti<\/strong><strong>se fran\u00e7aise en canne \u00e0 sucre <\/strong><\/p>\n<p>Le Cirad et eRcane sont les piliers de l\u2019expertise fran\u00e7aise en canne \u00e0 sucre.<\/p>\n<p>Les deux centres de R&amp;D, partenaires de longue date, se r\u00e9partissent les missions pour accompagner les fili\u00e8res canne sur le territoire fran\u00e7ais et \u00e0 l\u2019international.<\/p>\n<p>Les partenariats successifs ont toujours mis en avant la grande compl\u00e9mentarit\u00e9 d\u2019une recherche explicative associ\u00e9e \u00e0 une recherche exp\u00e9rimentale au service de la fili\u00e8re canne-sucre permettant de mener des travaux concrets, du laboratoire au champ, sur des th\u00e9matiques communes.<\/p>\n<p>Les agronomes et les chercheurs d\u2019eRcane et du CIRAD travaillent de concert sur plusieurs axes\u00a0:<\/p>\n<ul>\n<li>La recherche vari\u00e9tale, pour valoriser la ressource canne<\/li>\n<li>Les techniques agro\u00e9cologiques, pour r\u00e9duire l\u2019utilisation d\u2019intrants chimiques par des pratiques agricoles innovantes<\/li>\n<li>L\u2019agriculture num\u00e9rique avec les outils d\u2019Aide \u00e0 la D\u00e9cision &amp; bases de donn\u00e9es, pour mieux conna\u00eetre et ma\u00eetriser les parcelles de canne \u00e0 sucre<\/li>\n<li>Et le RITA Canne, R\u00e9seau d\u2019Innovation et de Transfert Agricole, dans le cadre d\u2019une d\u00e9marche participative.<\/li>\n<\/ul>\n<p><em>\u00ab Les relations entre le Cirad et eRcane sont historiques. Elles illustrent la parfaite compl\u00e9mentarit\u00e9 entre secteur public et priv\u00e9 dans le domaine de la recherche. Les travaux men\u00e9s en commun ont permis de faire des avanc\u00e9es significatives \u00e0 l\u2019ensemble de la fili\u00e8re et je me r\u00e9jouis de pouvoir poursuivre cette collaboration. \u00bb <\/em>Philippe Labro, Pr\u00e9sident d&#8217;eRcane<\/p>\n<p><em>\u00ab Nous nous f\u00e9licitons de la signature de ce nouvel accord de partenariat. La canne \u00e0 sucre r\u00e9unionnaise est une fili\u00e8re d\u2019enjeux importants, un formidable sujet de recherche-action et d\u2019innovation \u00e0 l\u2019\u00e9chelle du territoire et nos deux institutions ont \u00e0 coeur de contribuer \u00e0 son d\u00e9veloppement dans une approche durable pour la R\u00e9union et pour son rayonnement \u00e0 l\u2019international. Nos \u00e9quipes peuvent \u00eatre fi\u00e8res du travail accompli ces derni\u00e8res ann\u00e9es. \u00bb <\/em>Michel Eddi, PDG du Cirad<\/p>\n<p>&nbsp;<\/p>\n"}]}},"yoast_head":"<!-- This site is optimized with the Yoast SEO plugin v23.7 - https:\/\/yoast.com\/wordpress\/plugins\/seo\/ -->\n<title>Partenariat scientifique renouvel\u00e9 - Tereos<\/title>\n<meta name=\"robots\" content=\"index, follow, max-snippet:-1, max-image-preview:large, max-video-preview:-1\" \/>\n<link rel=\"canonical\" href=\"https:\/\/tereos.com\/fr\/actualites\/partenariat-scientifique-renouvele\/\" \/>\n<meta property=\"og:locale\" content=\"fr_FR\" \/>\n<meta property=\"og:type\" content=\"article\" \/>\n<meta property=\"og:title\" content=\"Partenariat scientifique renouvel\u00e9 - Tereos\" \/>\n<meta property=\"og:url\" content=\"https:\/\/tereos.com\/fr\/actualites\/partenariat-scientifique-renouvele\/\" \/>\n<meta property=\"og:site_name\" content=\"Tereos\" \/>\n<meta property=\"article:modified_time\" content=\"2020-09-14T07:47:41+00:00\" \/>\n<meta property=\"og:image\" content=\"https:\/\/www.tereos.com\/app\/uploads\/2020\/09\/sans-titre-1.png\" \/>\n\t<meta property=\"og:image:width\" content=\"1024\" \/>\n\t<meta property=\"og:image:height\" content=\"741\" \/>\n\t<meta property=\"og:image:type\" content=\"image\/png\" \/>\n<meta name=\"twitter:card\" content=\"summary_large_image\" \/>\n<script type=\"application\/ld+json\" class=\"yoast-schema-graph\">{\"@context\":\"https:\/\/schema.org\",\"@graph\":[{\"@type\":\"WebPage\",\"@id\":\"https:\/\/tereos.com\/fr\/actualites\/partenariat-scientifique-renouvele\/\",\"url\":\"https:\/\/tereos.com\/fr\/actualites\/partenariat-scientifique-renouvele\/\",\"name\":\"Partenariat scientifique renouvel\u00e9 - Tereos\",\"isPartOf\":{\"@id\":\"https:\/\/tereos.com\/en\/#website\"},\"primaryImageOfPage\":{\"@id\":\"https:\/\/tereos.com\/fr\/actualites\/partenariat-scientifique-renouvele\/#primaryimage\"},\"image\":{\"@id\":\"https:\/\/tereos.com\/fr\/actualites\/partenariat-scientifique-renouvele\/#primaryimage\"},\"thumbnailUrl\":\"https:\/\/www.tereos.com\/app\/uploads\/2020\/09\/sans-titre-1.png\",\"datePublished\":\"2020-09-02T14:34:49+00:00\",\"dateModified\":\"2020-09-14T07:47:41+00:00\",\"breadcrumb\":{\"@id\":\"https:\/\/tereos.com\/fr\/actualites\/partenariat-scientifique-renouvele\/#breadcrumb\"},\"inLanguage\":\"fr-FR\",\"potentialAction\":[{\"@type\":\"ReadAction\",\"target\":[\"https:\/\/tereos.com\/fr\/actualites\/partenariat-scientifique-renouvele\/\"]}]},{\"@type\":\"ImageObject\",\"inLanguage\":\"fr-FR\",\"@id\":\"https:\/\/tereos.com\/fr\/actualites\/partenariat-scientifique-renouvele\/#primaryimage\",\"url\":\"https:\/\/www.tereos.com\/app\/uploads\/2020\/09\/sans-titre-1.png\",\"contentUrl\":\"https:\/\/www.tereos.com\/app\/uploads\/2020\/09\/sans-titre-1.png\",\"width\":1990,\"height\":1440},{\"@type\":\"BreadcrumbList\",\"@id\":\"https:\/\/tereos.com\/fr\/actualites\/partenariat-scientifique-renouvele\/#breadcrumb\",\"itemListElement\":[{\"@type\":\"ListItem\",\"position\":1,\"name\":\"Home\",\"item\":\"https:\/\/tereos.com\/fr\/\"},{\"@type\":\"ListItem\",\"position\":2,\"name\":\"Partenariat scientifique renouvel\u00e9\"}]},{\"@type\":\"WebSite\",\"@id\":\"https:\/\/tereos.com\/en\/#website\",\"url\":\"https:\/\/tereos.com\/en\/\",\"name\":\"Tereos\",\"description\":\"Un site utilisant WordPress\",\"potentialAction\":[{\"@type\":\"SearchAction\",\"target\":{\"@type\":\"EntryPoint\",\"urlTemplate\":\"https:\/\/tereos.com\/en\/?s={search_term_string}\"},\"query-input\":{\"@type\":\"PropertyValueSpecification\",\"valueRequired\":true,\"valueName\":\"search_term_string\"}}],\"inLanguage\":\"fr-FR\"}]}<\/script>\n<!-- \/ Yoast SEO plugin. -->","yoast_head_json":{"title":"Partenariat scientifique renouvel\u00e9 - Tereos","robots":{"index":"index","follow":"follow","max-snippet":"max-snippet:-1","max-image-preview":"max-image-preview:large","max-video-preview":"max-video-preview:-1"},"canonical":"https:\/\/tereos.com\/fr\/actualites\/partenariat-scientifique-renouvele\/","og_locale":"fr_FR","og_type":"article","og_title":"Partenariat scientifique renouvel\u00e9 - Tereos","og_url":"https:\/\/tereos.com\/fr\/actualites\/partenariat-scientifique-renouvele\/","og_site_name":"Tereos","article_modified_time":"2020-09-14T07:47:41+00:00","og_image":[{"url":"https:\/\/www.tereos.com\/app\/uploads\/2020\/09\/sans-titre-1.png","width":1024,"height":741,"type":"image\/png"}],"twitter_card":"summary_large_image","schema":{"@context":"https:\/\/schema.org","@graph":[{"@type":"WebPage","@id":"https:\/\/tereos.com\/fr\/actualites\/partenariat-scientifique-renouvele\/","url":"https:\/\/tereos.com\/fr\/actualites\/partenariat-scientifique-renouvele\/","name":"Partenariat scientifique renouvel\u00e9 - Tereos","isPartOf":{"@id":"https:\/\/tereos.com\/en\/#website"},"primaryImageOfPage":{"@id":"https:\/\/tereos.com\/fr\/actualites\/partenariat-scientifique-renouvele\/#primaryimage"},"image":{"@id":"https:\/\/tereos.com\/fr\/actualites\/partenariat-scientifique-renouvele\/#primaryimage"},"thumbnailUrl":"https:\/\/www.tereos.com\/app\/uploads\/2020\/09\/sans-titre-1.png","datePublished":"2020-09-02T14:34:49+00:00","dateModified":"2020-09-14T07:47:41+00:00","breadcrumb":{"@id":"https:\/\/tereos.com\/fr\/actualites\/partenariat-scientifique-renouvele\/#breadcrumb"},"inLanguage":"fr-FR","potentialAction":[{"@type":"ReadAction","target":["https:\/\/tereos.com\/fr\/actualites\/partenariat-scientifique-renouvele\/"]}]},{"@type":"ImageObject","inLanguage":"fr-FR","@id":"https:\/\/tereos.com\/fr\/actualites\/partenariat-scientifique-renouvele\/#primaryimage","url":"https:\/\/www.tereos.com\/app\/uploads\/2020\/09\/sans-titre-1.png","contentUrl":"https:\/\/www.tereos.com\/app\/uploads\/2020\/09\/sans-titre-1.png","width":1990,"height":1440},{"@type":"BreadcrumbList","@id":"https:\/\/tereos.com\/fr\/actualites\/partenariat-scientifique-renouvele\/#breadcrumb","itemListElement":[{"@type":"ListItem","position":1,"name":"Home","item":"https:\/\/tereos.com\/fr\/"},{"@type":"ListItem","position":2,"name":"Partenariat scientifique renouvel\u00e9"}]},{"@type":"WebSite","@id":"https:\/\/tereos.com\/en\/#website","url":"https:\/\/tereos.com\/en\/","name":"Tereos","description":"Un site utilisant WordPress","potentialAction":[{"@type":"SearchAction","target":{"@type":"EntryPoint","urlTemplate":"https:\/\/tereos.com\/en\/?s={search_term_string}"},"query-input":{"@type":"PropertyValueSpecification","valueRequired":true,"valueName":"search_term_string"}}],"inLanguage":"fr-FR"}]}},"featured_media_src":"https:\/\/www.tereos.com\/app\/uploads\/2020\/09\/sans-titre-1-520x390-c-default.png","date_formatted":"2 septembre 2020 ","_links":{"self":[{"href":"https:\/\/tereos.com\/fr\/wp-json\/wp\/v2\/news\/9785"}],"collection":[{"href":"https:\/\/tereos.com\/fr\/wp-json\/wp\/v2\/news"}],"about":[{"href":"https:\/\/tereos.com\/fr\/wp-json\/wp\/v2\/types\/news"}],"author":[{"embeddable":true,"href":"https:\/\/tereos.com\/fr\/wp-json\/wp\/v2\/users\/9"}],"version-history":[{"count":3,"href":"https:\/\/tereos.com\/fr\/wp-json\/wp\/v2\/news\/9785\/revisions"}],"predecessor-version":[{"id":9904,"href":"https:\/\/tereos.com\/fr\/wp-json\/wp\/v2\/news\/9785\/revisions\/9904"}],"wp:featuredmedia":[{"embeddable":true,"href":"https:\/\/tereos.com\/fr\/wp-json\/wp\/v2\/media\/9786"}],"wp:attachment":[{"href":"https:\/\/tereos.com\/fr\/wp-json\/wp\/v2\/media?parent=9785"}],"wp:term":[{"taxonomy":"category","embeddable":true,"href":"https:\/\/tereos.com\/fr\/wp-json\/wp\/v2\/categories?post=9785"}],"curies":[{"name":"wp","href":"https:\/\/api.w.org\/{rel}","templated":true}]}}