{"id":12040,"date":"2021-03-03T16:02:19","date_gmt":"2021-03-03T15:02:19","guid":{"rendered":"https:\/\/tereos.com\/?post_type=press_release&#038;p=12040"},"modified":"2021-03-03T16:54:20","modified_gmt":"2021-03-03T15:54:20","slug":"tereos-lance-une-gamme-de-gel-hydroalcoolique-issue-de-la-production-de-ses-agriculteurs-cooperateurs","status":"publish","type":"press_release","link":"https:\/\/tereos.com\/fr\/communiques\/tereos-lance-une-gamme-de-gel-hydroalcoolique-issue-de-la-production-de-ses-agriculteurs-cooperateurs\/","title":{"rendered":"Tereos lance une gamme de gel hydroalcoolique issue de la production de ses agriculteurs coop\u00e9rateurs"},"author":9,"featured_media":12041,"template":"","categories":[],"class_list":["post-12040","press_release","type-press_release","status-publish","has-post-thumbnail","hentry"],"acf":{"cover_image":12041,"cover_clone":{"cover_image":12041},"file":{"ID":12044,"id":12044,"title":"Communiqu\u00e9 Gel Hydro Tereos def 02 mars 2021","filename":"communique-gel-hydro-tereos-def-02-mars-2021.pdf","filesize":296206,"url":"https:\/\/www.tereos.com\/app\/uploads\/2021\/03\/communique-gel-hydro-tereos-def-02-mars-2021.pdf","link":"https:\/\/tereos.com\/fr\/communiques\/tereos-lance-une-gamme-de-gel-hydroalcoolique-issue-de-la-production-de-ses-agriculteurs-cooperateurs\/communique-gel-hydro-tereos-def-02-mars-2021\/","alt":"","author":"9","description":"","caption":"","name":"communique-gel-hydro-tereos-def-02-mars-2021","status":"inherit","uploaded_to":12040,"date":"2021-03-03 14:57:30","modified":"2021-03-03 14:57:30","menu_order":0,"mime_type":"application\/pdf","type":"application","subtype":"pdf","icon":"https:\/\/tereos.com\/wp\/wp-includes\/images\/media\/document.png"},"pdf_clone":{"file":{"ID":12044,"id":12044,"title":"Communiqu\u00e9 Gel Hydro Tereos def 02 mars 2021","filename":"communique-gel-hydro-tereos-def-02-mars-2021.pdf","filesize":296206,"url":"https:\/\/www.tereos.com\/app\/uploads\/2021\/03\/communique-gel-hydro-tereos-def-02-mars-2021.pdf","link":"https:\/\/tereos.com\/fr\/communiques\/tereos-lance-une-gamme-de-gel-hydroalcoolique-issue-de-la-production-de-ses-agriculteurs-cooperateurs\/communique-gel-hydro-tereos-def-02-mars-2021\/","alt":"","author":"9","description":"","caption":"","name":"communique-gel-hydro-tereos-def-02-mars-2021","status":"inherit","uploaded_to":12040,"date":"2021-03-03 14:57:30","modified":"2021-03-03 14:57:30","menu_order":0,"mime_type":"application\/pdf","type":"application","subtype":"pdf","icon":"https:\/\/tereos.com\/wp\/wp-includes\/images\/media\/document.png"}},"headline":"Leader mondial sur le march\u00e9 du sucre et des produits sucrants, Tereos adapte ses lignes de production en cette p\u00e9riode de pand\u00e9mie et lance Gel Hydro\u00ae. Cette nouvelle gamme de gel hydroalcoolique destin\u00e9e aux entreprises et collectivit\u00e9s est int\u00e9gralement fabriqu\u00e9e en France et valorise la production agricole du groupe coop\u00e9ratif.","headline_clone":{"headline":"Leader mondial sur le march\u00e9 du sucre et des produits sucrants, Tereos adapte ses lignes de production en cette p\u00e9riode de pand\u00e9mie et lance Gel Hydro\u00ae. Cette nouvelle gamme de gel hydroalcoolique destin\u00e9e aux entreprises et collectivit\u00e9s est int\u00e9gralement fabriqu\u00e9e en France et valorise la production agricole du groupe coop\u00e9ratif."},"sections":[{"acf_fc_layout":"rich_text","anchor_title":"","text":"<p>Leader de l\u2019alcool pharmaceutique dont elle est premier producteur fran\u00e7ais, Tereos lance son gel hydroalcoolique sur le march\u00e9 B2B. \u00ab Les \u00e9quipes de Tereos Sucre France se sont mobilis\u00e9es pour d\u00e9velopper une nouvelle gamme de gel hydroalcoolique avec l\u2019appui du d\u00e9partement R&amp;D Groupe. Cela r\u00e9pond aux exigences sanitaires du moment et \u00e0 une demande forte de nos clients B2B pour un produit made in France. \u00bb d\u00e9clare Olivier Leducq, Directeur Sucre, Alcool et Renouvelables Europe chez Tereos.<\/p>\n<p>Le Gel Hydro\u00ae r\u00e9pond aux normes r\u00e8glementaires les plus exigeantes pour les virucides, fongicides et bact\u00e9ricides*. Sa composition \u00e0 base de glyc\u00e9rine, sans parfum et sans allerg\u00e8nes, prot\u00e8ge et adoucit la peau tout en prot\u00e9geant des risques d\u2019infection. La formule de Gel Hydro\u00ae a \u00e9t\u00e9 con\u00e7ue pour apporter un<br \/>\nconfort \u00e0 l\u2019\u00e9piderme et r\u00e9pondre aux attentes des utilisateurs pour ce produit devenu aujourd\u2019hui une premi\u00e8re n\u00e9cessit\u00e9.<\/p>\n<p>Avec un savoir-faire de 100 ans sur le march\u00e9 de l\u2019alcool, l\u2019expertise de Tereos s\u2019est d\u00e9j\u00e0 illustr\u00e9e par son agilit\u00e9 \u00e0 r\u00e9agir et adapter rapidement ses lignes de production lors du premier confinement pour fournir plus de 200 000 litres de solution hydroalcoolique aux Agences R\u00e9gionales de Sant\u00e9. \u00ab Fortes de cette<br \/>\ndynamique, nos \u00e9quipes ont poursuivi leurs travaux pour d\u00e9velopper non plus des solutions hydroalcooliques, mais un gel plus adapt\u00e9 aux utilisations quotidiennes au sein des entreprises et collectivit\u00e9s \u00bb explique Olivier Leducq.<\/p>\n<p>La fabrication de Gel Hydro\u00ae est r\u00e9alis\u00e9e \u00e0 l\u2019usine d\u2019Artenay, situ\u00e9e au c\u0153ur d\u2019un bassin de cultures betteravi\u00e8res dans le d\u00e9partement du Loiret. Cultiv\u00e9e par les 12 000 agriculteurs-coop\u00e9rateurs de Tereos, la betterave est notamment destin\u00e9e \u00e0 la fabrication de l\u2019alcool surfin qui compose 70% du Gel Hydro\u00ae. Une mati\u00e8re premi\u00e8re v\u00e9g\u00e9tale issue de productions locales, qui garantit la tra\u00e7abilit\u00e9 et une r\u00e9gularit\u00e9 d\u2019approvisionnement avec un impact positif pour les entreprises et le territoire. Avec ce nouveau produit issu de sa R&amp;D, le groupe coop\u00e9ratif explore un nouveau d\u00e9bouch\u00e9 vers des march\u00e9s en fort d\u00e9veloppement.<\/p>\n<p><strong>Qualit\u00e9, s\u00e9curit\u00e9 et tra\u00e7abilit\u00e9 : des atouts cl\u00e9s du Gel Hydro\u00ae face \u00e0 l\u2019enjeu de s\u00e9curit\u00e9 sanitaire<\/strong><br \/>\n73% des gels hydroalcooliques sur le march\u00e9 \u00e9taient non-conformes en 2020, comme le r\u00e9v\u00e8le une note publi\u00e9e le 18 novembre 2020 par la Direction g\u00e9n\u00e9rale de la concurrence, de la consommation et de la r\u00e9pression des fraudes (DGCCRF) apr\u00e8s une analyse de 162 produits sur le march\u00e9. Sur ce chiffre, 35% \u00e9taient m\u00eame jug\u00e9s dangereux, et un produit sur sept \u00e9tait identifi\u00e9 comme inefficace contre le<br \/>\ncoronavirus en raison d&#8217;une concentration insuffisante en alcool.<\/p>\n<p>Dans un contexte de contr\u00f4les accrus, le Gel Hydro\u00ae r\u00e9pond aux attentes qualit\u00e9 les plus strictes de la part des professionnels et des experts Achats pour les collectivit\u00e9s, gr\u00e2ce \u00e0 une composition bas\u00e9e sur l\u2019alcool surfin pharmaceutique \u00e0 70%, une tra\u00e7abilit\u00e9 pr\u00e9cise des mati\u00e8res premi\u00e8res fran\u00e7aises et des processus de fabrication dans une usine d\u00e9di\u00e9e du Groupe, \u00e0 Artenay (45). Ce site de production \u00e9galement sp\u00e9cialis\u00e9 dans l\u2019alcool de betteraves Bio b\u00e9n\u00e9ficie des certifications ISO 9001, ISO 50001, FSSC 22000 et agr\u00e9\u00e9 pour les productions de grades pharmaceutiques (sucre et alcool pharmaceutique : IPEC et GMP part2).<\/p>\n<p>&nbsp;<\/p>\n"}],"flexible_editorial_clone":{"has_anchors":false,"sections":[{"acf_fc_layout":"rich_text","anchor_title":"","text":"<p>Leader de l\u2019alcool pharmaceutique dont elle est premier producteur fran\u00e7ais, Tereos lance son gel hydroalcoolique sur le march\u00e9 B2B. \u00ab Les \u00e9quipes de Tereos Sucre France se sont mobilis\u00e9es pour d\u00e9velopper une nouvelle gamme de gel hydroalcoolique avec l\u2019appui du d\u00e9partement R&amp;D Groupe. Cela r\u00e9pond aux exigences sanitaires du moment et \u00e0 une demande forte de nos clients B2B pour un produit made in France. \u00bb d\u00e9clare Olivier Leducq, Directeur Sucre, Alcool et Renouvelables Europe chez Tereos.<\/p>\n<p>Le Gel Hydro\u00ae r\u00e9pond aux normes r\u00e8glementaires les plus exigeantes pour les virucides, fongicides et bact\u00e9ricides*. Sa composition \u00e0 base de glyc\u00e9rine, sans parfum et sans allerg\u00e8nes, prot\u00e8ge et adoucit la peau tout en prot\u00e9geant des risques d\u2019infection. La formule de Gel Hydro\u00ae a \u00e9t\u00e9 con\u00e7ue pour apporter un<br \/>\nconfort \u00e0 l\u2019\u00e9piderme et r\u00e9pondre aux attentes des utilisateurs pour ce produit devenu aujourd\u2019hui une premi\u00e8re n\u00e9cessit\u00e9.<\/p>\n<p>Avec un savoir-faire de 100 ans sur le march\u00e9 de l\u2019alcool, l\u2019expertise de Tereos s\u2019est d\u00e9j\u00e0 illustr\u00e9e par son agilit\u00e9 \u00e0 r\u00e9agir et adapter rapidement ses lignes de production lors du premier confinement pour fournir plus de 200 000 litres de solution hydroalcoolique aux Agences R\u00e9gionales de Sant\u00e9. \u00ab Fortes de cette<br \/>\ndynamique, nos \u00e9quipes ont poursuivi leurs travaux pour d\u00e9velopper non plus des solutions hydroalcooliques, mais un gel plus adapt\u00e9 aux utilisations quotidiennes au sein des entreprises et collectivit\u00e9s \u00bb explique Olivier Leducq.<\/p>\n<p>La fabrication de Gel Hydro\u00ae est r\u00e9alis\u00e9e \u00e0 l\u2019usine d\u2019Artenay, situ\u00e9e au c\u0153ur d\u2019un bassin de cultures betteravi\u00e8res dans le d\u00e9partement du Loiret. Cultiv\u00e9e par les 12 000 agriculteurs-coop\u00e9rateurs de Tereos, la betterave est notamment destin\u00e9e \u00e0 la fabrication de l\u2019alcool surfin qui compose 70% du Gel Hydro\u00ae. Une mati\u00e8re premi\u00e8re v\u00e9g\u00e9tale issue de productions locales, qui garantit la tra\u00e7abilit\u00e9 et une r\u00e9gularit\u00e9 d\u2019approvisionnement avec un impact positif pour les entreprises et le territoire. Avec ce nouveau produit issu de sa R&amp;D, le groupe coop\u00e9ratif explore un nouveau d\u00e9bouch\u00e9 vers des march\u00e9s en fort d\u00e9veloppement.<\/p>\n<p><strong>Qualit\u00e9, s\u00e9curit\u00e9 et tra\u00e7abilit\u00e9 : des atouts cl\u00e9s du Gel Hydro\u00ae face \u00e0 l\u2019enjeu de s\u00e9curit\u00e9 sanitaire<\/strong><br \/>\n73% des gels hydroalcooliques sur le march\u00e9 \u00e9taient non-conformes en 2020, comme le r\u00e9v\u00e8le une note publi\u00e9e le 18 novembre 2020 par la Direction g\u00e9n\u00e9rale de la concurrence, de la consommation et de la r\u00e9pression des fraudes (DGCCRF) apr\u00e8s une analyse de 162 produits sur le march\u00e9. Sur ce chiffre, 35% \u00e9taient m\u00eame jug\u00e9s dangereux, et un produit sur sept \u00e9tait identifi\u00e9 comme inefficace contre le<br \/>\ncoronavirus en raison d&#8217;une concentration insuffisante en alcool.<\/p>\n<p>Dans un contexte de contr\u00f4les accrus, le Gel Hydro\u00ae r\u00e9pond aux attentes qualit\u00e9 les plus strictes de la part des professionnels et des experts Achats pour les collectivit\u00e9s, gr\u00e2ce \u00e0 une composition bas\u00e9e sur l\u2019alcool surfin pharmaceutique \u00e0 70%, une tra\u00e7abilit\u00e9 pr\u00e9cise des mati\u00e8res premi\u00e8res fran\u00e7aises et des processus de fabrication dans une usine d\u00e9di\u00e9e du Groupe, \u00e0 Artenay (45). Ce site de production \u00e9galement sp\u00e9cialis\u00e9 dans l\u2019alcool de betteraves Bio b\u00e9n\u00e9ficie des certifications ISO 9001, ISO 50001, FSSC 22000 et agr\u00e9\u00e9 pour les productions de grades pharmaceutiques (sucre et alcool pharmaceutique : IPEC et GMP part2).<\/p>\n<p>&nbsp;<\/p>\n"}]}},"yoast_head":"<!-- This site is optimized with the Yoast SEO plugin v23.7 - https:\/\/yoast.com\/wordpress\/plugins\/seo\/ -->\n<title>Tereos lance une gamme de gel hydroalcoolique issue de la production de ses agriculteurs coop\u00e9rateurs - Tereos<\/title>\n<meta name=\"robots\" content=\"index, follow, max-snippet:-1, max-image-preview:large, max-video-preview:-1\" \/>\n<link rel=\"canonical\" href=\"https:\/\/tereos.com\/fr\/communiques\/tereos-lance-une-gamme-de-gel-hydroalcoolique-issue-de-la-production-de-ses-agriculteurs-cooperateurs\/\" \/>\n<meta property=\"og:locale\" content=\"fr_FR\" \/>\n<meta property=\"og:type\" content=\"article\" \/>\n<meta property=\"og:title\" content=\"Tereos lance une gamme de gel hydroalcoolique issue de la production de ses agriculteurs coop\u00e9rateurs - Tereos\" \/>\n<meta property=\"og:url\" content=\"https:\/\/tereos.com\/fr\/communiques\/tereos-lance-une-gamme-de-gel-hydroalcoolique-issue-de-la-production-de-ses-agriculteurs-cooperateurs\/\" \/>\n<meta property=\"og:site_name\" content=\"Tereos\" \/>\n<meta property=\"article:modified_time\" content=\"2021-03-03T15:54:20+00:00\" \/>\n<meta property=\"og:image\" content=\"https:\/\/tereos.com\/app\/uploads\/2021\/03\/sans-titre-2.png\" \/>\n\t<meta property=\"og:image:width\" content=\"1920\" \/>\n\t<meta property=\"og:image:height\" content=\"1440\" \/>\n\t<meta property=\"og:image:type\" content=\"image\/png\" \/>\n<meta name=\"twitter:card\" content=\"summary_large_image\" \/>\n<script type=\"application\/ld+json\" class=\"yoast-schema-graph\">{\"@context\":\"https:\/\/schema.org\",\"@graph\":[{\"@type\":\"WebPage\",\"@id\":\"https:\/\/tereos.com\/fr\/communiques\/tereos-lance-une-gamme-de-gel-hydroalcoolique-issue-de-la-production-de-ses-agriculteurs-cooperateurs\/\",\"url\":\"https:\/\/tereos.com\/fr\/communiques\/tereos-lance-une-gamme-de-gel-hydroalcoolique-issue-de-la-production-de-ses-agriculteurs-cooperateurs\/\",\"name\":\"Tereos lance une gamme de gel hydroalcoolique issue de la production de ses agriculteurs coop\u00e9rateurs - Tereos\",\"isPartOf\":{\"@id\":\"https:\/\/tereos.com\/en\/#website\"},\"primaryImageOfPage\":{\"@id\":\"https:\/\/tereos.com\/fr\/communiques\/tereos-lance-une-gamme-de-gel-hydroalcoolique-issue-de-la-production-de-ses-agriculteurs-cooperateurs\/#primaryimage\"},\"image\":{\"@id\":\"https:\/\/tereos.com\/fr\/communiques\/tereos-lance-une-gamme-de-gel-hydroalcoolique-issue-de-la-production-de-ses-agriculteurs-cooperateurs\/#primaryimage\"},\"thumbnailUrl\":\"https:\/\/www.tereos.com\/app\/uploads\/2021\/03\/sans-titre-2.png\",\"datePublished\":\"2021-03-03T15:02:19+00:00\",\"dateModified\":\"2021-03-03T15:54:20+00:00\",\"breadcrumb\":{\"@id\":\"https:\/\/tereos.com\/fr\/communiques\/tereos-lance-une-gamme-de-gel-hydroalcoolique-issue-de-la-production-de-ses-agriculteurs-cooperateurs\/#breadcrumb\"},\"inLanguage\":\"fr-FR\",\"potentialAction\":[{\"@type\":\"ReadAction\",\"target\":[\"https:\/\/tereos.com\/fr\/communiques\/tereos-lance-une-gamme-de-gel-hydroalcoolique-issue-de-la-production-de-ses-agriculteurs-cooperateurs\/\"]}]},{\"@type\":\"ImageObject\",\"inLanguage\":\"fr-FR\",\"@id\":\"https:\/\/tereos.com\/fr\/communiques\/tereos-lance-une-gamme-de-gel-hydroalcoolique-issue-de-la-production-de-ses-agriculteurs-cooperateurs\/#primaryimage\",\"url\":\"https:\/\/www.tereos.com\/app\/uploads\/2021\/03\/sans-titre-2.png\",\"contentUrl\":\"https:\/\/www.tereos.com\/app\/uploads\/2021\/03\/sans-titre-2.png\",\"width\":1920,\"height\":1440},{\"@type\":\"BreadcrumbList\",\"@id\":\"https:\/\/tereos.com\/fr\/communiques\/tereos-lance-une-gamme-de-gel-hydroalcoolique-issue-de-la-production-de-ses-agriculteurs-cooperateurs\/#breadcrumb\",\"itemListElement\":[{\"@type\":\"ListItem\",\"position\":1,\"name\":\"Home\",\"item\":\"https:\/\/tereos.com\/fr\/\"},{\"@type\":\"ListItem\",\"position\":2,\"name\":\"Tereos lance une gamme de gel hydroalcoolique issue de la production de ses agriculteurs coop\u00e9rateurs\"}]},{\"@type\":\"WebSite\",\"@id\":\"https:\/\/tereos.com\/en\/#website\",\"url\":\"https:\/\/tereos.com\/en\/\",\"name\":\"Tereos\",\"description\":\"Un site utilisant WordPress\",\"potentialAction\":[{\"@type\":\"SearchAction\",\"target\":{\"@type\":\"EntryPoint\",\"urlTemplate\":\"https:\/\/tereos.com\/en\/?s={search_term_string}\"},\"query-input\":{\"@type\":\"PropertyValueSpecification\",\"valueRequired\":true,\"valueName\":\"search_term_string\"}}],\"inLanguage\":\"fr-FR\"}]}<\/script>\n<!-- \/ Yoast SEO plugin. -->","yoast_head_json":{"title":"Tereos lance une gamme de gel hydroalcoolique issue de la production de ses agriculteurs coop\u00e9rateurs - Tereos","robots":{"index":"index","follow":"follow","max-snippet":"max-snippet:-1","max-image-preview":"max-image-preview:large","max-video-preview":"max-video-preview:-1"},"canonical":"https:\/\/tereos.com\/fr\/communiques\/tereos-lance-une-gamme-de-gel-hydroalcoolique-issue-de-la-production-de-ses-agriculteurs-cooperateurs\/","og_locale":"fr_FR","og_type":"article","og_title":"Tereos lance une gamme de gel hydroalcoolique issue de la production de ses agriculteurs coop\u00e9rateurs - Tereos","og_url":"https:\/\/tereos.com\/fr\/communiques\/tereos-lance-une-gamme-de-gel-hydroalcoolique-issue-de-la-production-de-ses-agriculteurs-cooperateurs\/","og_site_name":"Tereos","article_modified_time":"2021-03-03T15:54:20+00:00","og_image":[{"width":1920,"height":1440,"url":"https:\/\/tereos.com\/app\/uploads\/2021\/03\/sans-titre-2.png","type":"image\/png"}],"twitter_card":"summary_large_image","schema":{"@context":"https:\/\/schema.org","@graph":[{"@type":"WebPage","@id":"https:\/\/tereos.com\/fr\/communiques\/tereos-lance-une-gamme-de-gel-hydroalcoolique-issue-de-la-production-de-ses-agriculteurs-cooperateurs\/","url":"https:\/\/tereos.com\/fr\/communiques\/tereos-lance-une-gamme-de-gel-hydroalcoolique-issue-de-la-production-de-ses-agriculteurs-cooperateurs\/","name":"Tereos lance une gamme de gel hydroalcoolique issue de la production de ses agriculteurs coop\u00e9rateurs - Tereos","isPartOf":{"@id":"https:\/\/tereos.com\/en\/#website"},"primaryImageOfPage":{"@id":"https:\/\/tereos.com\/fr\/communiques\/tereos-lance-une-gamme-de-gel-hydroalcoolique-issue-de-la-production-de-ses-agriculteurs-cooperateurs\/#primaryimage"},"image":{"@id":"https:\/\/tereos.com\/fr\/communiques\/tereos-lance-une-gamme-de-gel-hydroalcoolique-issue-de-la-production-de-ses-agriculteurs-cooperateurs\/#primaryimage"},"thumbnailUrl":"https:\/\/www.tereos.com\/app\/uploads\/2021\/03\/sans-titre-2.png","datePublished":"2021-03-03T15:02:19+00:00","dateModified":"2021-03-03T15:54:20+00:00","breadcrumb":{"@id":"https:\/\/tereos.com\/fr\/communiques\/tereos-lance-une-gamme-de-gel-hydroalcoolique-issue-de-la-production-de-ses-agriculteurs-cooperateurs\/#breadcrumb"},"inLanguage":"fr-FR","potentialAction":[{"@type":"ReadAction","target":["https:\/\/tereos.com\/fr\/communiques\/tereos-lance-une-gamme-de-gel-hydroalcoolique-issue-de-la-production-de-ses-agriculteurs-cooperateurs\/"]}]},{"@type":"ImageObject","inLanguage":"fr-FR","@id":"https:\/\/tereos.com\/fr\/communiques\/tereos-lance-une-gamme-de-gel-hydroalcoolique-issue-de-la-production-de-ses-agriculteurs-cooperateurs\/#primaryimage","url":"https:\/\/www.tereos.com\/app\/uploads\/2021\/03\/sans-titre-2.png","contentUrl":"https:\/\/www.tereos.com\/app\/uploads\/2021\/03\/sans-titre-2.png","width":1920,"height":1440},{"@type":"BreadcrumbList","@id":"https:\/\/tereos.com\/fr\/communiques\/tereos-lance-une-gamme-de-gel-hydroalcoolique-issue-de-la-production-de-ses-agriculteurs-cooperateurs\/#breadcrumb","itemListElement":[{"@type":"ListItem","position":1,"name":"Home","item":"https:\/\/tereos.com\/fr\/"},{"@type":"ListItem","position":2,"name":"Tereos lance une gamme de gel hydroalcoolique issue de la production de ses agriculteurs coop\u00e9rateurs"}]},{"@type":"WebSite","@id":"https:\/\/tereos.com\/en\/#website","url":"https:\/\/tereos.com\/en\/","name":"Tereos","description":"Un site utilisant WordPress","potentialAction":[{"@type":"SearchAction","target":{"@type":"EntryPoint","urlTemplate":"https:\/\/tereos.com\/en\/?s={search_term_string}"},"query-input":{"@type":"PropertyValueSpecification","valueRequired":true,"valueName":"search_term_string"}}],"inLanguage":"fr-FR"}]}},"featured_media_src":"https:\/\/www.tereos.com\/app\/uploads\/2021\/03\/sans-titre-2-520x390-c-default.png","date_formatted":"3 mars 2021 ","_links":{"self":[{"href":"https:\/\/tereos.com\/fr\/wp-json\/wp\/v2\/press-release\/12040"}],"collection":[{"href":"https:\/\/tereos.com\/fr\/wp-json\/wp\/v2\/press-release"}],"about":[{"href":"https:\/\/tereos.com\/fr\/wp-json\/wp\/v2\/types\/press_release"}],"author":[{"embeddable":true,"href":"https:\/\/tereos.com\/fr\/wp-json\/wp\/v2\/users\/9"}],"version-history":[{"count":3,"href":"https:\/\/tereos.com\/fr\/wp-json\/wp\/v2\/press-release\/12040\/revisions"}],"predecessor-version":[{"id":12050,"href":"https:\/\/tereos.com\/fr\/wp-json\/wp\/v2\/press-release\/12040\/revisions\/12050"}],"wp:featuredmedia":[{"embeddable":true,"href":"https:\/\/tereos.com\/fr\/wp-json\/wp\/v2\/media\/12041"}],"wp:attachment":[{"href":"https:\/\/tereos.com\/fr\/wp-json\/wp\/v2\/media?parent=12040"}],"wp:term":[{"taxonomy":"category","embeddable":true,"href":"https:\/\/tereos.com\/fr\/wp-json\/wp\/v2\/categories?post=12040"}],"curies":[{"name":"wp","href":"https:\/\/api.w.org\/{rel}","templated":true}]}}