{"id":16432,"date":"2022-09-06T15:43:39","date_gmt":"2022-09-06T13:43:39","guid":{"rendered":"https:\/\/tereos.com\/?post_type=press_release&#038;p=16432"},"modified":"2022-09-06T15:43:39","modified_gmt":"2022-09-06T13:43:39","slug":"tereos-ajuste-a-la-hausse-le-prix-de-la-betterave-aupres-de-ses-cooperateurs-pour-la-campagne-2021-22","status":"publish","type":"press_release","link":"https:\/\/tereos.com\/fr\/communiques\/tereos-ajuste-a-la-hausse-le-prix-de-la-betterave-aupres-de-ses-cooperateurs-pour-la-campagne-2021-22\/","title":{"rendered":"Tereos ajuste \u00e0 la hausse, le prix de la betterave aupr\u00e8s de ses coop\u00e9rateurs pour la campagne 2021\/22"},"author":248,"featured_media":0,"template":"","categories":[],"class_list":["post-16432","press_release","type-press_release","status-publish","hentry"],"acf":{"cover_image":false,"cover_clone":{"cover_image":false},"file":{"ID":16433,"id":16433,"title":"CP_CAMPAGNE BETTERAVE 21-22 et 22-23","filename":"cp-campagne-betterave-21-22-et-22-23.pdf","filesize":360964,"url":"https:\/\/www.tereos.com\/app\/uploads\/2022\/09\/cp-campagne-betterave-21-22-et-22-23.pdf","link":"https:\/\/tereos.com\/fr\/communiques\/tereos-ajuste-a-la-hausse-le-prix-de-la-betterave-aupres-de-ses-cooperateurs-pour-la-campagne-2021-22\/cp_campagne-betterave-21-22-et-22-23\/","alt":"","author":"248","description":"","caption":"","name":"cp_campagne-betterave-21-22-et-22-23","status":"inherit","uploaded_to":16432,"date":"2022-09-06 13:42:51","modified":"2022-09-06 13:42:51","menu_order":0,"mime_type":"application\/pdf","type":"application","subtype":"pdf","icon":"https:\/\/tereos.com\/wp\/wp-includes\/images\/media\/document.png"},"pdf_clone":{"file":{"ID":16433,"id":16433,"title":"CP_CAMPAGNE BETTERAVE 21-22 et 22-23","filename":"cp-campagne-betterave-21-22-et-22-23.pdf","filesize":360964,"url":"https:\/\/www.tereos.com\/app\/uploads\/2022\/09\/cp-campagne-betterave-21-22-et-22-23.pdf","link":"https:\/\/tereos.com\/fr\/communiques\/tereos-ajuste-a-la-hausse-le-prix-de-la-betterave-aupres-de-ses-cooperateurs-pour-la-campagne-2021-22\/cp_campagne-betterave-21-22-et-22-23\/","alt":"","author":"248","description":"","caption":"","name":"cp_campagne-betterave-21-22-et-22-23","status":"inherit","uploaded_to":16432,"date":"2022-09-06 13:42:51","modified":"2022-09-06 13:42:51","menu_order":0,"mime_type":"application\/pdf","type":"application","subtype":"pdf","icon":"https:\/\/tereos.com\/wp\/wp-includes\/images\/media\/document.png"}},"headline":"","headline_clone":{"headline":""},"has_anchors":false,"sections":false,"flexible_editorial_clone":{"has_anchors":false,"sections":false}},"yoast_head":"<!-- This site is optimized with the Yoast SEO plugin v23.7 - https:\/\/yoast.com\/wordpress\/plugins\/seo\/ -->\n<title>Tereos ajuste \u00e0 la hausse, le prix de la betterave aupr\u00e8s de ses coop\u00e9rateurs pour la campagne 2021\/22 - Tereos<\/title>\n<meta name=\"robots\" content=\"index, follow, max-snippet:-1, max-image-preview:large, max-video-preview:-1\" \/>\n<link rel=\"canonical\" href=\"https:\/\/tereos.com\/fr\/communiques\/tereos-ajuste-a-la-hausse-le-prix-de-la-betterave-aupres-de-ses-cooperateurs-pour-la-campagne-2021-22\/\" \/>\n<meta property=\"og:locale\" content=\"fr_FR\" \/>\n<meta property=\"og:type\" content=\"article\" \/>\n<meta property=\"og:title\" content=\"Tereos ajuste \u00e0 la hausse, le prix de la betterave aupr\u00e8s de ses coop\u00e9rateurs pour la campagne 2021\/22 - Tereos\" \/>\n<meta property=\"og:url\" content=\"https:\/\/tereos.com\/fr\/communiques\/tereos-ajuste-a-la-hausse-le-prix-de-la-betterave-aupres-de-ses-cooperateurs-pour-la-campagne-2021-22\/\" \/>\n<meta property=\"og:site_name\" content=\"Tereos\" \/>\n<meta name=\"twitter:card\" content=\"summary_large_image\" \/>\n<script type=\"application\/ld+json\" class=\"yoast-schema-graph\">{\"@context\":\"https:\/\/schema.org\",\"@graph\":[{\"@type\":\"WebPage\",\"@id\":\"https:\/\/tereos.com\/fr\/communiques\/tereos-ajuste-a-la-hausse-le-prix-de-la-betterave-aupres-de-ses-cooperateurs-pour-la-campagne-2021-22\/\",\"url\":\"https:\/\/tereos.com\/fr\/communiques\/tereos-ajuste-a-la-hausse-le-prix-de-la-betterave-aupres-de-ses-cooperateurs-pour-la-campagne-2021-22\/\",\"name\":\"Tereos ajuste \u00e0 la hausse, le prix de la betterave aupr\u00e8s de ses coop\u00e9rateurs pour la campagne 2021\/22 - Tereos\",\"isPartOf\":{\"@id\":\"https:\/\/tereos.com\/en\/#website\"},\"datePublished\":\"2022-09-06T13:43:39+00:00\",\"dateModified\":\"2022-09-06T13:43:39+00:00\",\"breadcrumb\":{\"@id\":\"https:\/\/tereos.com\/fr\/communiques\/tereos-ajuste-a-la-hausse-le-prix-de-la-betterave-aupres-de-ses-cooperateurs-pour-la-campagne-2021-22\/#breadcrumb\"},\"inLanguage\":\"fr-FR\",\"potentialAction\":[{\"@type\":\"ReadAction\",\"target\":[\"https:\/\/tereos.com\/fr\/communiques\/tereos-ajuste-a-la-hausse-le-prix-de-la-betterave-aupres-de-ses-cooperateurs-pour-la-campagne-2021-22\/\"]}]},{\"@type\":\"BreadcrumbList\",\"@id\":\"https:\/\/tereos.com\/fr\/communiques\/tereos-ajuste-a-la-hausse-le-prix-de-la-betterave-aupres-de-ses-cooperateurs-pour-la-campagne-2021-22\/#breadcrumb\",\"itemListElement\":[{\"@type\":\"ListItem\",\"position\":1,\"name\":\"Home\",\"item\":\"https:\/\/tereos.com\/fr\/\"},{\"@type\":\"ListItem\",\"position\":2,\"name\":\"Tereos ajuste \u00e0 la hausse, le prix de la betterave aupr\u00e8s de ses coop\u00e9rateurs pour la campagne 2021\/22\"}]},{\"@type\":\"WebSite\",\"@id\":\"https:\/\/tereos.com\/en\/#website\",\"url\":\"https:\/\/tereos.com\/en\/\",\"name\":\"Tereos\",\"description\":\"Un site utilisant WordPress\",\"potentialAction\":[{\"@type\":\"SearchAction\",\"target\":{\"@type\":\"EntryPoint\",\"urlTemplate\":\"https:\/\/tereos.com\/en\/?s={search_term_string}\"},\"query-input\":{\"@type\":\"PropertyValueSpecification\",\"valueRequired\":true,\"valueName\":\"search_term_string\"}}],\"inLanguage\":\"fr-FR\"}]}<\/script>\n<!-- \/ Yoast SEO plugin. -->","yoast_head_json":{"title":"Tereos ajuste \u00e0 la hausse, le prix de la betterave aupr\u00e8s de ses coop\u00e9rateurs pour la campagne 2021\/22 - Tereos","robots":{"index":"index","follow":"follow","max-snippet":"max-snippet:-1","max-image-preview":"max-image-preview:large","max-video-preview":"max-video-preview:-1"},"canonical":"https:\/\/tereos.com\/fr\/communiques\/tereos-ajuste-a-la-hausse-le-prix-de-la-betterave-aupres-de-ses-cooperateurs-pour-la-campagne-2021-22\/","og_locale":"fr_FR","og_type":"article","og_title":"Tereos ajuste \u00e0 la hausse, le prix de la betterave aupr\u00e8s de ses coop\u00e9rateurs pour la campagne 2021\/22 - Tereos","og_url":"https:\/\/tereos.com\/fr\/communiques\/tereos-ajuste-a-la-hausse-le-prix-de-la-betterave-aupres-de-ses-cooperateurs-pour-la-campagne-2021-22\/","og_site_name":"Tereos","twitter_card":"summary_large_image","schema":{"@context":"https:\/\/schema.org","@graph":[{"@type":"WebPage","@id":"https:\/\/tereos.com\/fr\/communiques\/tereos-ajuste-a-la-hausse-le-prix-de-la-betterave-aupres-de-ses-cooperateurs-pour-la-campagne-2021-22\/","url":"https:\/\/tereos.com\/fr\/communiques\/tereos-ajuste-a-la-hausse-le-prix-de-la-betterave-aupres-de-ses-cooperateurs-pour-la-campagne-2021-22\/","name":"Tereos ajuste \u00e0 la hausse, le prix de la betterave aupr\u00e8s de ses coop\u00e9rateurs pour la campagne 2021\/22 - Tereos","isPartOf":{"@id":"https:\/\/tereos.com\/en\/#website"},"datePublished":"2022-09-06T13:43:39+00:00","dateModified":"2022-09-06T13:43:39+00:00","breadcrumb":{"@id":"https:\/\/tereos.com\/fr\/communiques\/tereos-ajuste-a-la-hausse-le-prix-de-la-betterave-aupres-de-ses-cooperateurs-pour-la-campagne-2021-22\/#breadcrumb"},"inLanguage":"fr-FR","potentialAction":[{"@type":"ReadAction","target":["https:\/\/tereos.com\/fr\/communiques\/tereos-ajuste-a-la-hausse-le-prix-de-la-betterave-aupres-de-ses-cooperateurs-pour-la-campagne-2021-22\/"]}]},{"@type":"BreadcrumbList","@id":"https:\/\/tereos.com\/fr\/communiques\/tereos-ajuste-a-la-hausse-le-prix-de-la-betterave-aupres-de-ses-cooperateurs-pour-la-campagne-2021-22\/#breadcrumb","itemListElement":[{"@type":"ListItem","position":1,"name":"Home","item":"https:\/\/tereos.com\/fr\/"},{"@type":"ListItem","position":2,"name":"Tereos ajuste \u00e0 la hausse, le prix de la betterave aupr\u00e8s de ses coop\u00e9rateurs pour la campagne 2021\/22"}]},{"@type":"WebSite","@id":"https:\/\/tereos.com\/en\/#website","url":"https:\/\/tereos.com\/en\/","name":"Tereos","description":"Un site utilisant WordPress","potentialAction":[{"@type":"SearchAction","target":{"@type":"EntryPoint","urlTemplate":"https:\/\/tereos.com\/en\/?s={search_term_string}"},"query-input":{"@type":"PropertyValueSpecification","valueRequired":true,"valueName":"search_term_string"}}],"inLanguage":"fr-FR"}]}},"featured_media_src":false,"date_formatted":"6 septembre 2022 ","_links":{"self":[{"href":"https:\/\/tereos.com\/fr\/wp-json\/wp\/v2\/press-release\/16432"}],"collection":[{"href":"https:\/\/tereos.com\/fr\/wp-json\/wp\/v2\/press-release"}],"about":[{"href":"https:\/\/tereos.com\/fr\/wp-json\/wp\/v2\/types\/press_release"}],"author":[{"embeddable":true,"href":"https:\/\/tereos.com\/fr\/wp-json\/wp\/v2\/users\/248"}],"version-history":[{"count":1,"href":"https:\/\/tereos.com\/fr\/wp-json\/wp\/v2\/press-release\/16432\/revisions"}],"predecessor-version":[{"id":16436,"href":"https:\/\/tereos.com\/fr\/wp-json\/wp\/v2\/press-release\/16432\/revisions\/16436"}],"wp:attachment":[{"href":"https:\/\/tereos.com\/fr\/wp-json\/wp\/v2\/media?parent=16432"}],"wp:term":[{"taxonomy":"category","embeddable":true,"href":"https:\/\/tereos.com\/fr\/wp-json\/wp\/v2\/categories?post=16432"}],"curies":[{"name":"wp","href":"https:\/\/api.w.org\/{rel}","templated":true}]}}