{"id":16461,"date":"2022-09-27T08:32:45","date_gmt":"2022-09-27T06:32:45","guid":{"rendered":"https:\/\/tereos.com\/?post_type=press_release&#038;p=16461"},"modified":"2022-09-27T09:07:04","modified_gmt":"2022-09-27T07:07:04","slug":"communique-de-presse-evolution-de-la-direction-du-groupe-tereos","status":"publish","type":"press_release","link":"https:\/\/tereos.com\/fr\/communiques\/communique-de-presse-evolution-de-la-direction-du-groupe-tereos\/","title":{"rendered":"[Communiqu\u00e9 de presse] Evolution de la direction du Groupe Tereos"},"author":248,"featured_media":0,"template":"","categories":[],"class_list":["post-16461","press_release","type-press_release","status-publish","hentry"],"acf":{"cover_image":false,"cover_clone":{"cover_image":false},"file":{"ID":16488,"id":16488,"title":"20220927 Communiqu\u00e9 Tereos_FR","filename":"20220927-communique-tereos-fr-1.pdf","filesize":190487,"url":"https:\/\/www.tereos.com\/app\/uploads\/2022\/09\/20220927-communique-tereos-fr-1.pdf","link":"https:\/\/tereos.com\/fr\/communiques\/communique-de-presse-evolution-de-la-direction-du-groupe-tereos\/20220927-communique-tereos_fr-2\/","alt":"","author":"248","description":"","caption":"","name":"20220927-communique-tereos_fr-2","status":"inherit","uploaded_to":16461,"date":"2022-09-27 07:06:58","modified":"2022-09-27 07:06:58","menu_order":0,"mime_type":"application\/pdf","type":"application","subtype":"pdf","icon":"https:\/\/tereos.com\/wp\/wp-includes\/images\/media\/document.png"},"pdf_clone":{"file":{"ID":16488,"id":16488,"title":"20220927 Communiqu\u00e9 Tereos_FR","filename":"20220927-communique-tereos-fr-1.pdf","filesize":190487,"url":"https:\/\/www.tereos.com\/app\/uploads\/2022\/09\/20220927-communique-tereos-fr-1.pdf","link":"https:\/\/tereos.com\/fr\/communiques\/communique-de-presse-evolution-de-la-direction-du-groupe-tereos\/20220927-communique-tereos_fr-2\/","alt":"","author":"248","description":"","caption":"","name":"20220927-communique-tereos_fr-2","status":"inherit","uploaded_to":16461,"date":"2022-09-27 07:06:58","modified":"2022-09-27 07:06:58","menu_order":0,"mime_type":"application\/pdf","type":"application","subtype":"pdf","icon":"https:\/\/tereos.com\/wp\/wp-includes\/images\/media\/document.png"}},"headline":"Le Conseil d\u2019Administration et Ludwig de Mot ont d\u00e9cid\u00e9, d\u2019un commun accord, de ne pas reconduire ses fonctions de directeur g\u00e9n\u00e9ral de Tereos en tant que manager de transition. Il quitte ses fonctions le 30 septembre 2022.","headline_clone":{"headline":"Le Conseil d\u2019Administration et Ludwig de Mot ont d\u00e9cid\u00e9, d\u2019un commun accord, de ne pas reconduire ses fonctions de directeur g\u00e9n\u00e9ral de Tereos en tant que manager de transition. Il quitte ses fonctions le 30 septembre 2022."},"has_anchors":false,"sections":[{"acf_fc_layout":"rich_text","anchor_title":"","text":"<p>Le Conseil d\u2019Administration confirme la continuit\u00e9 de la strat\u00e9gie du Groupe d\u00e9finie depuis 2021 et poursuit avec les \u00e9quipes op\u00e9rationnelles la trajectoire de transformation qui permet au Groupe d\u2019enregistrer des r\u00e9sultats tangibles. Apr\u00e8s les \u00e9volutions de la direction commerce, le Groupe a d\u00e9ploy\u00e9 une nouvelle organisation agricole et industrielle au niveau Europe pour optimiser les synergies entre \u00e9quipes et simplifier les process. Le Conseil d\u2019Administration entend ainsi poursuivre l\u2019acc\u00e9l\u00e9ration de l\u2019ex\u00e9cution de sa feuille de route.<\/p>\n<p>Dans l\u2019attente du recrutement du directeur g\u00e9n\u00e9ral, le Conseil d\u2019Administration annonce que la fonction de direction g\u00e9n\u00e9rale par int\u00e9rim est assum\u00e9e par G\u00e9rard Clay, en sa qualit\u00e9 de pr\u00e9sident du Conseil d\u2019Administration.<\/p>\n<p>Il pilotera le Groupe avec un comit\u00e9 de direction compos\u00e9 de :<br \/>\n\u2022 Gwena\u00ebl Elies, directeur g\u00e9n\u00e9ral adjoint, charg\u00e9 de la direction financi\u00e8re, des syst\u00e8mes d\u2019information, des affaires juridiques, fiscales et compliance, et des ressources humaines.<br \/>\n\u2022 Henri Benard, directeur des op\u00e9rations agricoles<br \/>\n\u2022 Michel Laborde, directeur business optimisation et sustainability<br \/>\n\u2022 Eric Lanciaux, directeur des ressources humaines Groupe<br \/>\n\u2022 Olivier Leducq, directeur commerce<br \/>\n\u2022 Sarah Leroy, directrice juridique, fiscal et compliance<br \/>\n\u2022 Christophe Lescroart, directeur agricole et industriel<br \/>\n\u2022 Pierre Santoul, directeur des activit\u00e9s Br\u00e9sil<br \/>\n\u2022 David Sergent, secr\u00e9taire g\u00e9n\u00e9ral, charg\u00e9 de la Gouvernance et des fonctions supports aux op\u00e9rations agricoles<\/p>\n<p>&nbsp;<\/p>\n<p><strong>Presse<\/strong><br \/>\nGa\u00eblle Toussaint, Group Communications &amp; CSR Director<br \/>\n+33 (0)6 22 77 04 80<br \/>\nContact-presse@tereos.com<\/p>\n<p><strong>Relations investisseurs<br \/>\n<\/strong>Tiago Marques, CFA, Group Treasury, M&amp;A and Investor Relations Director<br \/>\n+33 1 55 37 36 84<br \/>\ntereos-investor-relations@tereos.com<\/p>\n"}],"flexible_editorial_clone":{"has_anchors":false,"sections":[{"acf_fc_layout":"rich_text","anchor_title":"","text":"<p>Le Conseil d\u2019Administration confirme la continuit\u00e9 de la strat\u00e9gie du Groupe d\u00e9finie depuis 2021 et poursuit avec les \u00e9quipes op\u00e9rationnelles la trajectoire de transformation qui permet au Groupe d\u2019enregistrer des r\u00e9sultats tangibles. Apr\u00e8s les \u00e9volutions de la direction commerce, le Groupe a d\u00e9ploy\u00e9 une nouvelle organisation agricole et industrielle au niveau Europe pour optimiser les synergies entre \u00e9quipes et simplifier les process. Le Conseil d\u2019Administration entend ainsi poursuivre l\u2019acc\u00e9l\u00e9ration de l\u2019ex\u00e9cution de sa feuille de route.<\/p>\n<p>Dans l\u2019attente du recrutement du directeur g\u00e9n\u00e9ral, le Conseil d\u2019Administration annonce que la fonction de direction g\u00e9n\u00e9rale par int\u00e9rim est assum\u00e9e par G\u00e9rard Clay, en sa qualit\u00e9 de pr\u00e9sident du Conseil d\u2019Administration.<\/p>\n<p>Il pilotera le Groupe avec un comit\u00e9 de direction compos\u00e9 de :<br \/>\n\u2022 Gwena\u00ebl Elies, directeur g\u00e9n\u00e9ral adjoint, charg\u00e9 de la direction financi\u00e8re, des syst\u00e8mes d\u2019information, des affaires juridiques, fiscales et compliance, et des ressources humaines.<br \/>\n\u2022 Henri Benard, directeur des op\u00e9rations agricoles<br \/>\n\u2022 Michel Laborde, directeur business optimisation et sustainability<br \/>\n\u2022 Eric Lanciaux, directeur des ressources humaines Groupe<br \/>\n\u2022 Olivier Leducq, directeur commerce<br \/>\n\u2022 Sarah Leroy, directrice juridique, fiscal et compliance<br \/>\n\u2022 Christophe Lescroart, directeur agricole et industriel<br \/>\n\u2022 Pierre Santoul, directeur des activit\u00e9s Br\u00e9sil<br \/>\n\u2022 David Sergent, secr\u00e9taire g\u00e9n\u00e9ral, charg\u00e9 de la Gouvernance et des fonctions supports aux op\u00e9rations agricoles<\/p>\n<p>&nbsp;<\/p>\n<p><strong>Presse<\/strong><br \/>\nGa\u00eblle Toussaint, Group Communications &amp; CSR Director<br \/>\n+33 (0)6 22 77 04 80<br \/>\nContact-presse@tereos.com<\/p>\n<p><strong>Relations investisseurs<br \/>\n<\/strong>Tiago Marques, CFA, Group Treasury, M&amp;A and Investor Relations Director<br \/>\n+33 1 55 37 36 84<br \/>\ntereos-investor-relations@tereos.com<\/p>\n"}]}},"yoast_head":"<!-- This site is optimized with the Yoast SEO plugin v23.7 - https:\/\/yoast.com\/wordpress\/plugins\/seo\/ -->\n<title>[Communiqu\u00e9 de presse] Evolution de la direction du Groupe Tereos - Tereos<\/title>\n<meta name=\"robots\" content=\"index, follow, max-snippet:-1, max-image-preview:large, max-video-preview:-1\" \/>\n<link rel=\"canonical\" href=\"https:\/\/tereos.com\/fr\/communiques\/communique-de-presse-evolution-de-la-direction-du-groupe-tereos\/\" \/>\n<meta property=\"og:locale\" content=\"fr_FR\" \/>\n<meta property=\"og:type\" content=\"article\" \/>\n<meta property=\"og:title\" content=\"[Communiqu\u00e9 de presse] Evolution de la direction du Groupe Tereos - Tereos\" \/>\n<meta property=\"og:url\" content=\"https:\/\/tereos.com\/fr\/communiques\/communique-de-presse-evolution-de-la-direction-du-groupe-tereos\/\" \/>\n<meta property=\"og:site_name\" content=\"Tereos\" \/>\n<meta property=\"article:modified_time\" content=\"2022-09-27T07:07:04+00:00\" \/>\n<meta name=\"twitter:card\" content=\"summary_large_image\" \/>\n<script type=\"application\/ld+json\" class=\"yoast-schema-graph\">{\"@context\":\"https:\/\/schema.org\",\"@graph\":[{\"@type\":\"WebPage\",\"@id\":\"https:\/\/tereos.com\/fr\/communiques\/communique-de-presse-evolution-de-la-direction-du-groupe-tereos\/\",\"url\":\"https:\/\/tereos.com\/fr\/communiques\/communique-de-presse-evolution-de-la-direction-du-groupe-tereos\/\",\"name\":\"[Communiqu\u00e9 de presse] Evolution de la direction du Groupe Tereos - Tereos\",\"isPartOf\":{\"@id\":\"https:\/\/tereos.com\/en\/#website\"},\"datePublished\":\"2022-09-27T06:32:45+00:00\",\"dateModified\":\"2022-09-27T07:07:04+00:00\",\"breadcrumb\":{\"@id\":\"https:\/\/tereos.com\/fr\/communiques\/communique-de-presse-evolution-de-la-direction-du-groupe-tereos\/#breadcrumb\"},\"inLanguage\":\"fr-FR\",\"potentialAction\":[{\"@type\":\"ReadAction\",\"target\":[\"https:\/\/tereos.com\/fr\/communiques\/communique-de-presse-evolution-de-la-direction-du-groupe-tereos\/\"]}]},{\"@type\":\"BreadcrumbList\",\"@id\":\"https:\/\/tereos.com\/fr\/communiques\/communique-de-presse-evolution-de-la-direction-du-groupe-tereos\/#breadcrumb\",\"itemListElement\":[{\"@type\":\"ListItem\",\"position\":1,\"name\":\"Home\",\"item\":\"https:\/\/tereos.com\/fr\/\"},{\"@type\":\"ListItem\",\"position\":2,\"name\":\"[Communiqu\u00e9 de presse] Evolution de la direction du Groupe Tereos\"}]},{\"@type\":\"WebSite\",\"@id\":\"https:\/\/tereos.com\/en\/#website\",\"url\":\"https:\/\/tereos.com\/en\/\",\"name\":\"Tereos\",\"description\":\"Un site utilisant WordPress\",\"potentialAction\":[{\"@type\":\"SearchAction\",\"target\":{\"@type\":\"EntryPoint\",\"urlTemplate\":\"https:\/\/tereos.com\/en\/?s={search_term_string}\"},\"query-input\":{\"@type\":\"PropertyValueSpecification\",\"valueRequired\":true,\"valueName\":\"search_term_string\"}}],\"inLanguage\":\"fr-FR\"}]}<\/script>\n<!-- \/ Yoast SEO plugin. -->","yoast_head_json":{"title":"[Communiqu\u00e9 de presse] Evolution de la direction du Groupe Tereos - Tereos","robots":{"index":"index","follow":"follow","max-snippet":"max-snippet:-1","max-image-preview":"max-image-preview:large","max-video-preview":"max-video-preview:-1"},"canonical":"https:\/\/tereos.com\/fr\/communiques\/communique-de-presse-evolution-de-la-direction-du-groupe-tereos\/","og_locale":"fr_FR","og_type":"article","og_title":"[Communiqu\u00e9 de presse] Evolution de la direction du Groupe Tereos - Tereos","og_url":"https:\/\/tereos.com\/fr\/communiques\/communique-de-presse-evolution-de-la-direction-du-groupe-tereos\/","og_site_name":"Tereos","article_modified_time":"2022-09-27T07:07:04+00:00","twitter_card":"summary_large_image","schema":{"@context":"https:\/\/schema.org","@graph":[{"@type":"WebPage","@id":"https:\/\/tereos.com\/fr\/communiques\/communique-de-presse-evolution-de-la-direction-du-groupe-tereos\/","url":"https:\/\/tereos.com\/fr\/communiques\/communique-de-presse-evolution-de-la-direction-du-groupe-tereos\/","name":"[Communiqu\u00e9 de presse] Evolution de la direction du Groupe Tereos - Tereos","isPartOf":{"@id":"https:\/\/tereos.com\/en\/#website"},"datePublished":"2022-09-27T06:32:45+00:00","dateModified":"2022-09-27T07:07:04+00:00","breadcrumb":{"@id":"https:\/\/tereos.com\/fr\/communiques\/communique-de-presse-evolution-de-la-direction-du-groupe-tereos\/#breadcrumb"},"inLanguage":"fr-FR","potentialAction":[{"@type":"ReadAction","target":["https:\/\/tereos.com\/fr\/communiques\/communique-de-presse-evolution-de-la-direction-du-groupe-tereos\/"]}]},{"@type":"BreadcrumbList","@id":"https:\/\/tereos.com\/fr\/communiques\/communique-de-presse-evolution-de-la-direction-du-groupe-tereos\/#breadcrumb","itemListElement":[{"@type":"ListItem","position":1,"name":"Home","item":"https:\/\/tereos.com\/fr\/"},{"@type":"ListItem","position":2,"name":"[Communiqu\u00e9 de presse] Evolution de la direction du Groupe Tereos"}]},{"@type":"WebSite","@id":"https:\/\/tereos.com\/en\/#website","url":"https:\/\/tereos.com\/en\/","name":"Tereos","description":"Un site utilisant WordPress","potentialAction":[{"@type":"SearchAction","target":{"@type":"EntryPoint","urlTemplate":"https:\/\/tereos.com\/en\/?s={search_term_string}"},"query-input":{"@type":"PropertyValueSpecification","valueRequired":true,"valueName":"search_term_string"}}],"inLanguage":"fr-FR"}]}},"featured_media_src":false,"date_formatted":"27 septembre 2022 ","_links":{"self":[{"href":"https:\/\/tereos.com\/fr\/wp-json\/wp\/v2\/press-release\/16461"}],"collection":[{"href":"https:\/\/tereos.com\/fr\/wp-json\/wp\/v2\/press-release"}],"about":[{"href":"https:\/\/tereos.com\/fr\/wp-json\/wp\/v2\/types\/press_release"}],"author":[{"embeddable":true,"href":"https:\/\/tereos.com\/fr\/wp-json\/wp\/v2\/users\/248"}],"version-history":[{"count":3,"href":"https:\/\/tereos.com\/fr\/wp-json\/wp\/v2\/press-release\/16461\/revisions"}],"predecessor-version":[{"id":16491,"href":"https:\/\/tereos.com\/fr\/wp-json\/wp\/v2\/press-release\/16461\/revisions\/16491"}],"wp:attachment":[{"href":"https:\/\/tereos.com\/fr\/wp-json\/wp\/v2\/media?parent=16461"}],"wp:term":[{"taxonomy":"category","embeddable":true,"href":"https:\/\/tereos.com\/fr\/wp-json\/wp\/v2\/categories?post=16461"}],"curies":[{"name":"wp","href":"https:\/\/api.w.org\/{rel}","templated":true}]}}