{"id":16672,"date":"2022-12-06T10:44:46","date_gmt":"2022-12-06T09:44:46","guid":{"rendered":"https:\/\/tereos.com\/?post_type=press_release&#038;p=16672"},"modified":"2022-12-06T10:44:46","modified_gmt":"2022-12-06T09:44:46","slug":"resultats-semestriels-2022-23-communique-de-presse","status":"publish","type":"press_release","link":"https:\/\/tereos.com\/fr\/communiques\/resultats-semestriels-2022-23-communique-de-presse\/","title":{"rendered":"R\u00e9sultats semestriels 2022\/23 (communiqu\u00e9 de presse)"},"author":1338,"featured_media":0,"template":"","categories":[],"class_list":["post-16672","press_release","type-press_release","status-publish","hentry"],"acf":{"cover_image":false,"cover_clone":{"cover_image":false},"file":{"ID":16704,"id":16704,"title":"groupe-tereos_communique-resultats-financiers-s1-2022-23","filename":"groupe-tereos-communique-resultats-financiers-s1-2022-23-2.pdf","filesize":538324,"url":"https:\/\/www.tereos.com\/app\/uploads\/2022\/12\/groupe-tereos-communique-resultats-financiers-s1-2022-23-2.pdf","link":"https:\/\/tereos.com\/fr\/communiques\/resultats-semestriels-2022-23-communique-de-presse\/groupe-tereos_communique-resultats-financiers-s1-2022-23-3\/","alt":"","author":"1338","description":"","caption":"","name":"groupe-tereos_communique-resultats-financiers-s1-2022-23-3","status":"inherit","uploaded_to":16672,"date":"2022-12-06 09:29:18","modified":"2022-12-06 09:29:18","menu_order":0,"mime_type":"application\/pdf","type":"application","subtype":"pdf","icon":"https:\/\/tereos.com\/wp\/wp-includes\/images\/media\/document.png"},"pdf_clone":{"file":{"ID":16704,"id":16704,"title":"groupe-tereos_communique-resultats-financiers-s1-2022-23","filename":"groupe-tereos-communique-resultats-financiers-s1-2022-23-2.pdf","filesize":538324,"url":"https:\/\/www.tereos.com\/app\/uploads\/2022\/12\/groupe-tereos-communique-resultats-financiers-s1-2022-23-2.pdf","link":"https:\/\/tereos.com\/fr\/communiques\/resultats-semestriels-2022-23-communique-de-presse\/groupe-tereos_communique-resultats-financiers-s1-2022-23-3\/","alt":"","author":"1338","description":"","caption":"","name":"groupe-tereos_communique-resultats-financiers-s1-2022-23-3","status":"inherit","uploaded_to":16672,"date":"2022-12-06 09:29:18","modified":"2022-12-06 09:29:18","menu_order":0,"mime_type":"application\/pdf","type":"application","subtype":"pdf","icon":"https:\/\/tereos.com\/wp\/wp-includes\/images\/media\/document.png"}},"headline":"Continuit\u00e9 de la progression des r\u00e9sultats","headline_clone":{"headline":"Continuit\u00e9 de la progression des r\u00e9sultats"},"has_anchors":false,"sections":[{"acf_fc_layout":"rich_text","anchor_title":"","text":"<p>\u2022 Chiffre d\u2019affaires de 2 975 millions d\u2019euros, en hausse de 35% par rapport au S1 2021\/22, port\u00e9 par la hausse des prix sur l\u2019ensemble des segments.<br \/>\n\u2022 EBITDA de 464 millions d\u2019euros, en forte progression de 132% par rapport au S1 2021\/22, gr\u00e2ce aux bonnes performances de nos strat\u00e9gies commerciale et de couverture qui ont permis de prot\u00e9ger nos marges dans un contexte de forte hausse des co\u00fbts d\u2019\u00e9nergie et des mati\u00e8res premi\u00e8res.<br \/>\n\u2022 L\u2019EBITDA \u00ab 12 mois glissants \u00bb maintient la bonne tendance et s\u2019\u00e9tablit \u00e0 946 millions d\u2019euros au 30 septembre 2022 contre 799 millions d\u2019euros \u00e0 fin juin 2022.<br \/>\n\u2022 R\u00e9sultat op\u00e9rationnel (EBIT) r\u00e9current de 266 millions d\u2019euros, contre 32 millions d\u2019euros au S1 21\/22.<br \/>\n\u2022 Dette nette de 2 240 millions d\u2019euros, en baisse de 128 millions d\u2019euros par rapport au 30 septembre 2021 et de 146 millions par rapport au 31 mars 2022, gr\u00e2ce \u00e0 un flux de tr\u00e9sorerie op\u00e9rationnel positif qui couvre les investissements et la variation du besoin en fonds de roulement.<br \/>\n\u2022 Le levier d\u2019endettement poursuit sa trajectoire de baisse et s\u2019\u00e9tablit \u00e0 2,4x, contre 3,5x \u00e0 fin mars 2022.<br \/>\n\u2022 Depuis le 30 septembre 2022 et \u00e0 la suite du d\u00e9part du Directeur G\u00e9n\u00e9ral, G\u00e9rard Clay assume cette mission en sa qualit\u00e9 de pr\u00e9sident du Conseil d\u2019administration. Le Conseil d\u2019administration confirme la continuit\u00e9 de la strat\u00e9gie du Groupe d\u00e9finie depuis 2021 qui continue de d\u00e9livrer des r\u00e9sultats en progression.<\/p>\n<p><strong><img loading=\"lazy\" decoding=\"async\" class=\"size-full wp-image-14480 alignleft\" src=\"https:\/\/tereos.com\/app\/uploads\/2021\/11\/sans-titre-1.png\" alt=\"\" width=\"200\" height=\"200\" srcset=\"https:\/\/www.tereos.com\/app\/uploads\/2021\/11\/sans-titre-1.png 200w, https:\/\/www.tereos.com\/app\/uploads\/2021\/11\/sans-titre-1-150x150.png 150w\" sizes=\"(max-width: 200px) 100vw, 200px\" \/>G\u00e9rard Clay, Pr\u00e9sident du Conseil d\u2019administration de Tereos, a soulign\u00e9 :<\/strong><\/p>\n<p><em>\u00ab Les r\u00e9sultats semestriels confirment les performances op\u00e9rationnelles et financi\u00e8res constat\u00e9es lors de la cl\u00f4ture des comptes consolid\u00e9s au 31 mars 2022. Malgr\u00e9 le contexte g\u00e9opolitique actuel, les objectifs strat\u00e9giques fix\u00e9s par le Conseil d\u2019administration \u00e0 horizon 2024 sont respect\u00e9s : hausse de la rentabilit\u00e9 de nos activit\u00e9s, g\u00e9n\u00e9ration d\u2019un flux de tr\u00e9sorerie op\u00e9rationnel positif, baisse sensible de la dette structurelle, am\u00e9lioration du levier d\u2019endettement. La transformation de la coop\u00e9rative engag\u00e9e depuis 2 ans a permis la mise en place d\u2019une nouvelle organisation manag\u00e9riale performante. Fort de ces constats et d\u2019une gestion rigoureuse de nos besoins \u00e9nerg\u00e9tiques, Tereos a annonc\u00e9 le 18 octobre 2022 un prix de 40,04 \u20ac\/t \u00e0 16 (hors prime et indemnit\u00e9 de campagne) sur 100 % des betteraves livr\u00e9es par les coop\u00e9rateurs au titre de la campagne 2022\/23. Plus que jamais, Tereos est pr\u00eat \u00e0 relever les d\u00e9fis li\u00e9s \u00e0 la d\u00e9carbonation et aux \u00e9conomies d\u2019\u00e9nergie. \u00bb<\/em><\/p>\n"}],"flexible_editorial_clone":{"has_anchors":false,"sections":[{"acf_fc_layout":"rich_text","anchor_title":"","text":"<p>\u2022 Chiffre d\u2019affaires de 2 975 millions d\u2019euros, en hausse de 35% par rapport au S1 2021\/22, port\u00e9 par la hausse des prix sur l\u2019ensemble des segments.<br \/>\n\u2022 EBITDA de 464 millions d\u2019euros, en forte progression de 132% par rapport au S1 2021\/22, gr\u00e2ce aux bonnes performances de nos strat\u00e9gies commerciale et de couverture qui ont permis de prot\u00e9ger nos marges dans un contexte de forte hausse des co\u00fbts d\u2019\u00e9nergie et des mati\u00e8res premi\u00e8res.<br \/>\n\u2022 L\u2019EBITDA \u00ab 12 mois glissants \u00bb maintient la bonne tendance et s\u2019\u00e9tablit \u00e0 946 millions d\u2019euros au 30 septembre 2022 contre 799 millions d\u2019euros \u00e0 fin juin 2022.<br \/>\n\u2022 R\u00e9sultat op\u00e9rationnel (EBIT) r\u00e9current de 266 millions d\u2019euros, contre 32 millions d\u2019euros au S1 21\/22.<br \/>\n\u2022 Dette nette de 2 240 millions d\u2019euros, en baisse de 128 millions d\u2019euros par rapport au 30 septembre 2021 et de 146 millions par rapport au 31 mars 2022, gr\u00e2ce \u00e0 un flux de tr\u00e9sorerie op\u00e9rationnel positif qui couvre les investissements et la variation du besoin en fonds de roulement.<br \/>\n\u2022 Le levier d\u2019endettement poursuit sa trajectoire de baisse et s\u2019\u00e9tablit \u00e0 2,4x, contre 3,5x \u00e0 fin mars 2022.<br \/>\n\u2022 Depuis le 30 septembre 2022 et \u00e0 la suite du d\u00e9part du Directeur G\u00e9n\u00e9ral, G\u00e9rard Clay assume cette mission en sa qualit\u00e9 de pr\u00e9sident du Conseil d\u2019administration. Le Conseil d\u2019administration confirme la continuit\u00e9 de la strat\u00e9gie du Groupe d\u00e9finie depuis 2021 qui continue de d\u00e9livrer des r\u00e9sultats en progression.<\/p>\n<p><strong><img loading=\"lazy\" decoding=\"async\" class=\"size-full wp-image-14480 alignleft\" src=\"https:\/\/tereos.com\/app\/uploads\/2021\/11\/sans-titre-1.png\" alt=\"\" width=\"200\" height=\"200\" srcset=\"https:\/\/www.tereos.com\/app\/uploads\/2021\/11\/sans-titre-1.png 200w, https:\/\/www.tereos.com\/app\/uploads\/2021\/11\/sans-titre-1-150x150.png 150w\" sizes=\"(max-width: 200px) 100vw, 200px\" \/>G\u00e9rard Clay, Pr\u00e9sident du Conseil d\u2019administration de Tereos, a soulign\u00e9 :<\/strong><\/p>\n<p><em>\u00ab Les r\u00e9sultats semestriels confirment les performances op\u00e9rationnelles et financi\u00e8res constat\u00e9es lors de la cl\u00f4ture des comptes consolid\u00e9s au 31 mars 2022. Malgr\u00e9 le contexte g\u00e9opolitique actuel, les objectifs strat\u00e9giques fix\u00e9s par le Conseil d\u2019administration \u00e0 horizon 2024 sont respect\u00e9s : hausse de la rentabilit\u00e9 de nos activit\u00e9s, g\u00e9n\u00e9ration d\u2019un flux de tr\u00e9sorerie op\u00e9rationnel positif, baisse sensible de la dette structurelle, am\u00e9lioration du levier d\u2019endettement. La transformation de la coop\u00e9rative engag\u00e9e depuis 2 ans a permis la mise en place d\u2019une nouvelle organisation manag\u00e9riale performante. Fort de ces constats et d\u2019une gestion rigoureuse de nos besoins \u00e9nerg\u00e9tiques, Tereos a annonc\u00e9 le 18 octobre 2022 un prix de 40,04 \u20ac\/t \u00e0 16 (hors prime et indemnit\u00e9 de campagne) sur 100 % des betteraves livr\u00e9es par les coop\u00e9rateurs au titre de la campagne 2022\/23. Plus que jamais, Tereos est pr\u00eat \u00e0 relever les d\u00e9fis li\u00e9s \u00e0 la d\u00e9carbonation et aux \u00e9conomies d\u2019\u00e9nergie. \u00bb<\/em><\/p>\n"}]}},"yoast_head":"<!-- This site is optimized with the Yoast SEO plugin v23.7 - https:\/\/yoast.com\/wordpress\/plugins\/seo\/ -->\n<title>R\u00e9sultats semestriels 2022\/23 (communiqu\u00e9 de presse) - Tereos<\/title>\n<meta name=\"robots\" content=\"index, follow, max-snippet:-1, max-image-preview:large, max-video-preview:-1\" \/>\n<link rel=\"canonical\" href=\"https:\/\/tereos.com\/fr\/communiques\/resultats-semestriels-2022-23-communique-de-presse\/\" \/>\n<meta property=\"og:locale\" content=\"fr_FR\" \/>\n<meta property=\"og:type\" content=\"article\" \/>\n<meta property=\"og:title\" content=\"R\u00e9sultats semestriels 2022\/23 (communiqu\u00e9 de presse) - Tereos\" \/>\n<meta property=\"og:url\" content=\"https:\/\/tereos.com\/fr\/communiques\/resultats-semestriels-2022-23-communique-de-presse\/\" \/>\n<meta property=\"og:site_name\" content=\"Tereos\" \/>\n<meta name=\"twitter:card\" content=\"summary_large_image\" \/>\n<script type=\"application\/ld+json\" class=\"yoast-schema-graph\">{\"@context\":\"https:\/\/schema.org\",\"@graph\":[{\"@type\":\"WebPage\",\"@id\":\"https:\/\/tereos.com\/fr\/communiques\/resultats-semestriels-2022-23-communique-de-presse\/\",\"url\":\"https:\/\/tereos.com\/fr\/communiques\/resultats-semestriels-2022-23-communique-de-presse\/\",\"name\":\"R\u00e9sultats semestriels 2022\/23 (communiqu\u00e9 de presse) - Tereos\",\"isPartOf\":{\"@id\":\"https:\/\/tereos.com\/en\/#website\"},\"datePublished\":\"2022-12-06T09:44:46+00:00\",\"dateModified\":\"2022-12-06T09:44:46+00:00\",\"breadcrumb\":{\"@id\":\"https:\/\/tereos.com\/fr\/communiques\/resultats-semestriels-2022-23-communique-de-presse\/#breadcrumb\"},\"inLanguage\":\"fr-FR\",\"potentialAction\":[{\"@type\":\"ReadAction\",\"target\":[\"https:\/\/tereos.com\/fr\/communiques\/resultats-semestriels-2022-23-communique-de-presse\/\"]}]},{\"@type\":\"BreadcrumbList\",\"@id\":\"https:\/\/tereos.com\/fr\/communiques\/resultats-semestriels-2022-23-communique-de-presse\/#breadcrumb\",\"itemListElement\":[{\"@type\":\"ListItem\",\"position\":1,\"name\":\"Home\",\"item\":\"https:\/\/tereos.com\/fr\/\"},{\"@type\":\"ListItem\",\"position\":2,\"name\":\"R\u00e9sultats semestriels 2022\/23 (communiqu\u00e9 de presse)\"}]},{\"@type\":\"WebSite\",\"@id\":\"https:\/\/tereos.com\/en\/#website\",\"url\":\"https:\/\/tereos.com\/en\/\",\"name\":\"Tereos\",\"description\":\"Un site utilisant WordPress\",\"potentialAction\":[{\"@type\":\"SearchAction\",\"target\":{\"@type\":\"EntryPoint\",\"urlTemplate\":\"https:\/\/tereos.com\/en\/?s={search_term_string}\"},\"query-input\":{\"@type\":\"PropertyValueSpecification\",\"valueRequired\":true,\"valueName\":\"search_term_string\"}}],\"inLanguage\":\"fr-FR\"}]}<\/script>\n<!-- \/ Yoast SEO plugin. -->","yoast_head_json":{"title":"R\u00e9sultats semestriels 2022\/23 (communiqu\u00e9 de presse) - Tereos","robots":{"index":"index","follow":"follow","max-snippet":"max-snippet:-1","max-image-preview":"max-image-preview:large","max-video-preview":"max-video-preview:-1"},"canonical":"https:\/\/tereos.com\/fr\/communiques\/resultats-semestriels-2022-23-communique-de-presse\/","og_locale":"fr_FR","og_type":"article","og_title":"R\u00e9sultats semestriels 2022\/23 (communiqu\u00e9 de presse) - Tereos","og_url":"https:\/\/tereos.com\/fr\/communiques\/resultats-semestriels-2022-23-communique-de-presse\/","og_site_name":"Tereos","twitter_card":"summary_large_image","schema":{"@context":"https:\/\/schema.org","@graph":[{"@type":"WebPage","@id":"https:\/\/tereos.com\/fr\/communiques\/resultats-semestriels-2022-23-communique-de-presse\/","url":"https:\/\/tereos.com\/fr\/communiques\/resultats-semestriels-2022-23-communique-de-presse\/","name":"R\u00e9sultats semestriels 2022\/23 (communiqu\u00e9 de presse) - Tereos","isPartOf":{"@id":"https:\/\/tereos.com\/en\/#website"},"datePublished":"2022-12-06T09:44:46+00:00","dateModified":"2022-12-06T09:44:46+00:00","breadcrumb":{"@id":"https:\/\/tereos.com\/fr\/communiques\/resultats-semestriels-2022-23-communique-de-presse\/#breadcrumb"},"inLanguage":"fr-FR","potentialAction":[{"@type":"ReadAction","target":["https:\/\/tereos.com\/fr\/communiques\/resultats-semestriels-2022-23-communique-de-presse\/"]}]},{"@type":"BreadcrumbList","@id":"https:\/\/tereos.com\/fr\/communiques\/resultats-semestriels-2022-23-communique-de-presse\/#breadcrumb","itemListElement":[{"@type":"ListItem","position":1,"name":"Home","item":"https:\/\/tereos.com\/fr\/"},{"@type":"ListItem","position":2,"name":"R\u00e9sultats semestriels 2022\/23 (communiqu\u00e9 de presse)"}]},{"@type":"WebSite","@id":"https:\/\/tereos.com\/en\/#website","url":"https:\/\/tereos.com\/en\/","name":"Tereos","description":"Un site utilisant WordPress","potentialAction":[{"@type":"SearchAction","target":{"@type":"EntryPoint","urlTemplate":"https:\/\/tereos.com\/en\/?s={search_term_string}"},"query-input":{"@type":"PropertyValueSpecification","valueRequired":true,"valueName":"search_term_string"}}],"inLanguage":"fr-FR"}]}},"featured_media_src":false,"date_formatted":"6 d\u00e9cembre 2022 ","_links":{"self":[{"href":"https:\/\/tereos.com\/fr\/wp-json\/wp\/v2\/press-release\/16672"}],"collection":[{"href":"https:\/\/tereos.com\/fr\/wp-json\/wp\/v2\/press-release"}],"about":[{"href":"https:\/\/tereos.com\/fr\/wp-json\/wp\/v2\/types\/press_release"}],"author":[{"embeddable":true,"href":"https:\/\/tereos.com\/fr\/wp-json\/wp\/v2\/users\/1338"}],"version-history":[{"count":3,"href":"https:\/\/tereos.com\/fr\/wp-json\/wp\/v2\/press-release\/16672\/revisions"}],"predecessor-version":[{"id":16707,"href":"https:\/\/tereos.com\/fr\/wp-json\/wp\/v2\/press-release\/16672\/revisions\/16707"}],"wp:attachment":[{"href":"https:\/\/tereos.com\/fr\/wp-json\/wp\/v2\/media?parent=16672"}],"wp:term":[{"taxonomy":"category","embeddable":true,"href":"https:\/\/tereos.com\/fr\/wp-json\/wp\/v2\/categories?post=16672"}],"curies":[{"name":"wp","href":"https:\/\/api.w.org\/{rel}","templated":true}]}}