{"id":16943,"date":"2023-02-17T08:39:45","date_gmt":"2023-02-17T07:39:45","guid":{"rendered":"https:\/\/tereos.com\/?post_type=press_release&#038;p=16943"},"modified":"2023-02-17T08:42:25","modified_gmt":"2023-02-17T07:42:25","slug":"communique-de-presse-nomination-de-jorge-boucas-nouveau-directeur-general-de-tereos","status":"publish","type":"press_release","link":"https:\/\/tereos.com\/fr\/communiques\/communique-de-presse-nomination-de-jorge-boucas-nouveau-directeur-general-de-tereos\/","title":{"rendered":"[Communiqu\u00e9 de Presse] Nomination de Jorge Boucas, nouveau directeur g\u00e9n\u00e9ral de Tereos"},"author":1338,"featured_media":0,"template":"","categories":[],"class_list":["post-16943","press_release","type-press_release","status-publish","hentry"],"acf":{"cover_image":false,"cover_clone":{"cover_image":false},"file":{"ID":16934,"id":16934,"title":"Communique de presse _ Nomination de Jorge Boucas, directeur g\u00e9n\u00e9ral de la coop\u00e9rative Tereos","filename":"communique-de-presse---nomination-de-jorge-boucas-directeur-general-de-la-cooperative-tereos.pdf","filesize":180223,"url":"https:\/\/www.tereos.com\/app\/uploads\/2023\/02\/communique-de-presse---nomination-de-jorge-boucas-directeur-general-de-la-cooperative-tereos.pdf","link":"https:\/\/tereos.com\/fr\/communiques\/communique-de-presse-nomination-de-jorge-boucas-nouveau-directeur-general-de-tereos\/communique-de-presse-_-nomination-de-jorge-boucas-directeur-general-de-la-cooperative-tereos-2\/","alt":"","author":"1338","description":"","caption":"","name":"communique-de-presse-_-nomination-de-jorge-boucas-directeur-general-de-la-cooperative-tereos-2","status":"inherit","uploaded_to":16943,"date":"2023-02-17 07:29:16","modified":"2023-02-17 07:39:45","menu_order":0,"mime_type":"application\/pdf","type":"application","subtype":"pdf","icon":"https:\/\/tereos.com\/wp\/wp-includes\/images\/media\/document.png"},"pdf_clone":{"file":{"ID":16934,"id":16934,"title":"Communique de presse _ Nomination de Jorge Boucas, directeur g\u00e9n\u00e9ral de la coop\u00e9rative Tereos","filename":"communique-de-presse---nomination-de-jorge-boucas-directeur-general-de-la-cooperative-tereos.pdf","filesize":180223,"url":"https:\/\/www.tereos.com\/app\/uploads\/2023\/02\/communique-de-presse---nomination-de-jorge-boucas-directeur-general-de-la-cooperative-tereos.pdf","link":"https:\/\/tereos.com\/fr\/communiques\/communique-de-presse-nomination-de-jorge-boucas-nouveau-directeur-general-de-tereos\/communique-de-presse-_-nomination-de-jorge-boucas-directeur-general-de-la-cooperative-tereos-2\/","alt":"","author":"1338","description":"","caption":"","name":"communique-de-presse-_-nomination-de-jorge-boucas-directeur-general-de-la-cooperative-tereos-2","status":"inherit","uploaded_to":16943,"date":"2023-02-17 07:29:16","modified":"2023-02-17 07:39:45","menu_order":0,"mime_type":"application\/pdf","type":"application","subtype":"pdf","icon":"https:\/\/tereos.com\/wp\/wp-includes\/images\/media\/document.png"}},"headline":"","headline_clone":{"headline":""},"has_anchors":false,"sections":[{"acf_fc_layout":"rich_text","anchor_title":"","text":"<p>A l\u2019issue du Conseil d\u2019administration du 8 f\u00e9vrier 2023, Jorge Boucas est nomm\u00e9, \u00e0 compter du 20 avril 2023, directeur g\u00e9n\u00e9ral de la coop\u00e9rative Tereos. A ce titre, il assumera le pilotage du Comit\u00e9 de direction.<\/p>\n<p>Jorge Boucas aura pour mission de mener \u00e0 bien le projet strat\u00e9gique de Tereos, d\u00e9fini par le Conseil d\u2019administration en juin 2021. Il lui reviendra d\u2019achever le redressement du groupe coop\u00e9ratif, de d\u00e9ployer dans les meilleurs d\u00e9lais le plan de d\u00e9carbonation face aux enjeux \u00e9nerg\u00e9tiques qui touchent notre industrie et de proposer au Conseil d\u2019administration de nouvelles orientations de croissance pour Tereos.<\/p>\n<p>Le Conseil d\u2019administration maintient son objectif de d\u00e9sendettement du groupe par l\u2019am\u00e9lioration de sa rentabilit\u00e9. Sur la base de r\u00e9sultats financiers en net progr\u00e8s, Jorge Boucas poursuivra la transformation manag\u00e9riale du groupe en optimisant les synergies et en simplifiant les process.<\/p>\n<p>Tout en int\u00e9grant les d\u00e9fis de la transition agro\u00e9cologique, Jorge Boucas mettra tout en oeuvre pour permettre au Conseil d\u2019administration de r\u00e9mun\u00e9rer au mieux les productions des coop\u00e9rateurs.<\/p>\n<p>\u00ab <em>Sa solide exp\u00e9rience professionnelle, sa personnalit\u00e9 et sa vision strat\u00e9gique sur nos secteurs d\u2019activit\u00e9s sont des atouts importants pour accompagner le d\u00e9veloppement et l\u2019avenir de notre coop\u00e9rative<\/em> \u00bb d\u00e9clare <strong>G\u00e9rard Clay, Pr\u00e9sident du Conseil d\u2019administration<\/strong>.<\/p>\n<p>\u00ab <em>La mission et les valeurs de la coop\u00e9rative Tereos sont des atouts majeurs dans un contexte o\u00f9 notre industrie doit adresser les d\u00e9fis des transitions alimentaire, agricole et environnementale. La nouvelle structure efficace de gouvernance mise en place depuis juin 2022 est un \u00e9l\u00e9ment d\u00e9terminant dans mon choix de rejoindre la coop\u00e9rative Tereos.<\/em><br \/>\n<em>Je sais pouvoir compter sur l\u2019engagement des \u00e9quipes op\u00e9rationnelles et du Conseil d\u2019administration pour accompagner la coop\u00e9rative vers la croissance et le d\u00e9veloppement en respect de sa raison d\u2019\u00eatre<\/em> \u00bb, d\u00e9clare <strong>Jorge Boucas<\/strong>.<\/p>\n<p>Directeur g\u00e9n\u00e9ral de la coop\u00e9rative laiti\u00e8re Sodiaal jusqu\u2019au 28 f\u00e9vrier 2023, Jorge Boucas (n\u00e9 en 1972), polytechnicien, a auparavant \u00e9t\u00e9 directeur g\u00e9n\u00e9ral du Groupe Roullier (agrofourniture et agroalimentaire, 2013-2016) qu\u2019il a rejoint en lui c\u00e9dant Nextenergies, un sp\u00e9cialiste des projets de production d\u2019\u00e9nergie \u00e0 partir de biomasse pour les industriels, qu\u2019il a co-fond\u00e9 et d\u00e9velopp\u00e9 de 2006 \u00e0 2012. Il a la double nationalit\u00e9 franco-portugaise.<\/p>\n<p>Tereos avait fait part le 27 septembre 2022 d\u2019un changement de directeur g\u00e9n\u00e9ral pr\u00e9cisant que le nom du successeur serait communiqu\u00e9 \u00e0 l\u2019issue du processus de recrutement. Jusqu\u2019\u00e0 l\u2019arriv\u00e9e de Jorge Boucas, G\u00e9rard Clay, Pr\u00e9sident du Conseil d\u2019administration, assure l\u2019animation du Groupe avec l\u2019appui du Comit\u00e9 de direction.<\/p>\n"}],"flexible_editorial_clone":{"has_anchors":false,"sections":[{"acf_fc_layout":"rich_text","anchor_title":"","text":"<p>A l\u2019issue du Conseil d\u2019administration du 8 f\u00e9vrier 2023, Jorge Boucas est nomm\u00e9, \u00e0 compter du 20 avril 2023, directeur g\u00e9n\u00e9ral de la coop\u00e9rative Tereos. A ce titre, il assumera le pilotage du Comit\u00e9 de direction.<\/p>\n<p>Jorge Boucas aura pour mission de mener \u00e0 bien le projet strat\u00e9gique de Tereos, d\u00e9fini par le Conseil d\u2019administration en juin 2021. Il lui reviendra d\u2019achever le redressement du groupe coop\u00e9ratif, de d\u00e9ployer dans les meilleurs d\u00e9lais le plan de d\u00e9carbonation face aux enjeux \u00e9nerg\u00e9tiques qui touchent notre industrie et de proposer au Conseil d\u2019administration de nouvelles orientations de croissance pour Tereos.<\/p>\n<p>Le Conseil d\u2019administration maintient son objectif de d\u00e9sendettement du groupe par l\u2019am\u00e9lioration de sa rentabilit\u00e9. Sur la base de r\u00e9sultats financiers en net progr\u00e8s, Jorge Boucas poursuivra la transformation manag\u00e9riale du groupe en optimisant les synergies et en simplifiant les process.<\/p>\n<p>Tout en int\u00e9grant les d\u00e9fis de la transition agro\u00e9cologique, Jorge Boucas mettra tout en oeuvre pour permettre au Conseil d\u2019administration de r\u00e9mun\u00e9rer au mieux les productions des coop\u00e9rateurs.<\/p>\n<p>\u00ab <em>Sa solide exp\u00e9rience professionnelle, sa personnalit\u00e9 et sa vision strat\u00e9gique sur nos secteurs d\u2019activit\u00e9s sont des atouts importants pour accompagner le d\u00e9veloppement et l\u2019avenir de notre coop\u00e9rative<\/em> \u00bb d\u00e9clare <strong>G\u00e9rard Clay, Pr\u00e9sident du Conseil d\u2019administration<\/strong>.<\/p>\n<p>\u00ab <em>La mission et les valeurs de la coop\u00e9rative Tereos sont des atouts majeurs dans un contexte o\u00f9 notre industrie doit adresser les d\u00e9fis des transitions alimentaire, agricole et environnementale. La nouvelle structure efficace de gouvernance mise en place depuis juin 2022 est un \u00e9l\u00e9ment d\u00e9terminant dans mon choix de rejoindre la coop\u00e9rative Tereos.<\/em><br \/>\n<em>Je sais pouvoir compter sur l\u2019engagement des \u00e9quipes op\u00e9rationnelles et du Conseil d\u2019administration pour accompagner la coop\u00e9rative vers la croissance et le d\u00e9veloppement en respect de sa raison d\u2019\u00eatre<\/em> \u00bb, d\u00e9clare <strong>Jorge Boucas<\/strong>.<\/p>\n<p>Directeur g\u00e9n\u00e9ral de la coop\u00e9rative laiti\u00e8re Sodiaal jusqu\u2019au 28 f\u00e9vrier 2023, Jorge Boucas (n\u00e9 en 1972), polytechnicien, a auparavant \u00e9t\u00e9 directeur g\u00e9n\u00e9ral du Groupe Roullier (agrofourniture et agroalimentaire, 2013-2016) qu\u2019il a rejoint en lui c\u00e9dant Nextenergies, un sp\u00e9cialiste des projets de production d\u2019\u00e9nergie \u00e0 partir de biomasse pour les industriels, qu\u2019il a co-fond\u00e9 et d\u00e9velopp\u00e9 de 2006 \u00e0 2012. Il a la double nationalit\u00e9 franco-portugaise.<\/p>\n<p>Tereos avait fait part le 27 septembre 2022 d\u2019un changement de directeur g\u00e9n\u00e9ral pr\u00e9cisant que le nom du successeur serait communiqu\u00e9 \u00e0 l\u2019issue du processus de recrutement. Jusqu\u2019\u00e0 l\u2019arriv\u00e9e de Jorge Boucas, G\u00e9rard Clay, Pr\u00e9sident du Conseil d\u2019administration, assure l\u2019animation du Groupe avec l\u2019appui du Comit\u00e9 de direction.<\/p>\n"}]}},"yoast_head":"<!-- This site is optimized with the Yoast SEO plugin v23.7 - https:\/\/yoast.com\/wordpress\/plugins\/seo\/ -->\n<title>[Communiqu\u00e9 de Presse] Nomination de Jorge Boucas, nouveau directeur g\u00e9n\u00e9ral de Tereos - Tereos<\/title>\n<meta name=\"robots\" content=\"index, follow, max-snippet:-1, max-image-preview:large, max-video-preview:-1\" \/>\n<link rel=\"canonical\" href=\"https:\/\/tereos.com\/fr\/communiques\/communique-de-presse-nomination-de-jorge-boucas-nouveau-directeur-general-de-tereos\/\" \/>\n<meta property=\"og:locale\" content=\"fr_FR\" \/>\n<meta property=\"og:type\" content=\"article\" \/>\n<meta property=\"og:title\" content=\"[Communiqu\u00e9 de Presse] Nomination de Jorge Boucas, nouveau directeur g\u00e9n\u00e9ral de Tereos - Tereos\" \/>\n<meta property=\"og:url\" content=\"https:\/\/tereos.com\/fr\/communiques\/communique-de-presse-nomination-de-jorge-boucas-nouveau-directeur-general-de-tereos\/\" \/>\n<meta property=\"og:site_name\" content=\"Tereos\" \/>\n<meta property=\"article:modified_time\" content=\"2023-02-17T07:42:25+00:00\" \/>\n<meta name=\"twitter:card\" content=\"summary_large_image\" \/>\n<script type=\"application\/ld+json\" class=\"yoast-schema-graph\">{\"@context\":\"https:\/\/schema.org\",\"@graph\":[{\"@type\":\"WebPage\",\"@id\":\"https:\/\/tereos.com\/fr\/communiques\/communique-de-presse-nomination-de-jorge-boucas-nouveau-directeur-general-de-tereos\/\",\"url\":\"https:\/\/tereos.com\/fr\/communiques\/communique-de-presse-nomination-de-jorge-boucas-nouveau-directeur-general-de-tereos\/\",\"name\":\"[Communiqu\u00e9 de Presse] Nomination de Jorge Boucas, nouveau directeur g\u00e9n\u00e9ral de Tereos - Tereos\",\"isPartOf\":{\"@id\":\"https:\/\/tereos.com\/en\/#website\"},\"datePublished\":\"2023-02-17T07:39:45+00:00\",\"dateModified\":\"2023-02-17T07:42:25+00:00\",\"breadcrumb\":{\"@id\":\"https:\/\/tereos.com\/fr\/communiques\/communique-de-presse-nomination-de-jorge-boucas-nouveau-directeur-general-de-tereos\/#breadcrumb\"},\"inLanguage\":\"fr-FR\",\"potentialAction\":[{\"@type\":\"ReadAction\",\"target\":[\"https:\/\/tereos.com\/fr\/communiques\/communique-de-presse-nomination-de-jorge-boucas-nouveau-directeur-general-de-tereos\/\"]}]},{\"@type\":\"BreadcrumbList\",\"@id\":\"https:\/\/tereos.com\/fr\/communiques\/communique-de-presse-nomination-de-jorge-boucas-nouveau-directeur-general-de-tereos\/#breadcrumb\",\"itemListElement\":[{\"@type\":\"ListItem\",\"position\":1,\"name\":\"Home\",\"item\":\"https:\/\/tereos.com\/fr\/\"},{\"@type\":\"ListItem\",\"position\":2,\"name\":\"[Communiqu\u00e9 de Presse] Nomination de Jorge Boucas, nouveau directeur g\u00e9n\u00e9ral de Tereos\"}]},{\"@type\":\"WebSite\",\"@id\":\"https:\/\/tereos.com\/en\/#website\",\"url\":\"https:\/\/tereos.com\/en\/\",\"name\":\"Tereos\",\"description\":\"Un site utilisant WordPress\",\"potentialAction\":[{\"@type\":\"SearchAction\",\"target\":{\"@type\":\"EntryPoint\",\"urlTemplate\":\"https:\/\/tereos.com\/en\/?s={search_term_string}\"},\"query-input\":{\"@type\":\"PropertyValueSpecification\",\"valueRequired\":true,\"valueName\":\"search_term_string\"}}],\"inLanguage\":\"fr-FR\"}]}<\/script>\n<!-- \/ Yoast SEO plugin. -->","yoast_head_json":{"title":"[Communiqu\u00e9 de Presse] Nomination de Jorge Boucas, nouveau directeur g\u00e9n\u00e9ral de Tereos - Tereos","robots":{"index":"index","follow":"follow","max-snippet":"max-snippet:-1","max-image-preview":"max-image-preview:large","max-video-preview":"max-video-preview:-1"},"canonical":"https:\/\/tereos.com\/fr\/communiques\/communique-de-presse-nomination-de-jorge-boucas-nouveau-directeur-general-de-tereos\/","og_locale":"fr_FR","og_type":"article","og_title":"[Communiqu\u00e9 de Presse] Nomination de Jorge Boucas, nouveau directeur g\u00e9n\u00e9ral de Tereos - Tereos","og_url":"https:\/\/tereos.com\/fr\/communiques\/communique-de-presse-nomination-de-jorge-boucas-nouveau-directeur-general-de-tereos\/","og_site_name":"Tereos","article_modified_time":"2023-02-17T07:42:25+00:00","twitter_card":"summary_large_image","schema":{"@context":"https:\/\/schema.org","@graph":[{"@type":"WebPage","@id":"https:\/\/tereos.com\/fr\/communiques\/communique-de-presse-nomination-de-jorge-boucas-nouveau-directeur-general-de-tereos\/","url":"https:\/\/tereos.com\/fr\/communiques\/communique-de-presse-nomination-de-jorge-boucas-nouveau-directeur-general-de-tereos\/","name":"[Communiqu\u00e9 de Presse] Nomination de Jorge Boucas, nouveau directeur g\u00e9n\u00e9ral de Tereos - Tereos","isPartOf":{"@id":"https:\/\/tereos.com\/en\/#website"},"datePublished":"2023-02-17T07:39:45+00:00","dateModified":"2023-02-17T07:42:25+00:00","breadcrumb":{"@id":"https:\/\/tereos.com\/fr\/communiques\/communique-de-presse-nomination-de-jorge-boucas-nouveau-directeur-general-de-tereos\/#breadcrumb"},"inLanguage":"fr-FR","potentialAction":[{"@type":"ReadAction","target":["https:\/\/tereos.com\/fr\/communiques\/communique-de-presse-nomination-de-jorge-boucas-nouveau-directeur-general-de-tereos\/"]}]},{"@type":"BreadcrumbList","@id":"https:\/\/tereos.com\/fr\/communiques\/communique-de-presse-nomination-de-jorge-boucas-nouveau-directeur-general-de-tereos\/#breadcrumb","itemListElement":[{"@type":"ListItem","position":1,"name":"Home","item":"https:\/\/tereos.com\/fr\/"},{"@type":"ListItem","position":2,"name":"[Communiqu\u00e9 de Presse] Nomination de Jorge Boucas, nouveau directeur g\u00e9n\u00e9ral de Tereos"}]},{"@type":"WebSite","@id":"https:\/\/tereos.com\/en\/#website","url":"https:\/\/tereos.com\/en\/","name":"Tereos","description":"Un site utilisant WordPress","potentialAction":[{"@type":"SearchAction","target":{"@type":"EntryPoint","urlTemplate":"https:\/\/tereos.com\/en\/?s={search_term_string}"},"query-input":{"@type":"PropertyValueSpecification","valueRequired":true,"valueName":"search_term_string"}}],"inLanguage":"fr-FR"}]}},"featured_media_src":false,"date_formatted":"17 f\u00e9vrier 2023 ","_links":{"self":[{"href":"https:\/\/tereos.com\/fr\/wp-json\/wp\/v2\/press-release\/16943"}],"collection":[{"href":"https:\/\/tereos.com\/fr\/wp-json\/wp\/v2\/press-release"}],"about":[{"href":"https:\/\/tereos.com\/fr\/wp-json\/wp\/v2\/types\/press_release"}],"author":[{"embeddable":true,"href":"https:\/\/tereos.com\/fr\/wp-json\/wp\/v2\/users\/1338"}],"version-history":[{"count":2,"href":"https:\/\/tereos.com\/fr\/wp-json\/wp\/v2\/press-release\/16943\/revisions"}],"predecessor-version":[{"id":16945,"href":"https:\/\/tereos.com\/fr\/wp-json\/wp\/v2\/press-release\/16943\/revisions\/16945"}],"wp:attachment":[{"href":"https:\/\/tereos.com\/fr\/wp-json\/wp\/v2\/media?parent=16943"}],"wp:term":[{"taxonomy":"category","embeddable":true,"href":"https:\/\/tereos.com\/fr\/wp-json\/wp\/v2\/categories?post=16943"}],"curies":[{"name":"wp","href":"https:\/\/api.w.org\/{rel}","templated":true}]}}