{"id":25565,"date":"2025-11-20T16:45:47","date_gmt":"2025-11-20T15:45:47","guid":{"rendered":"https:\/\/tereos.com\/?post_type=press_release&#038;p=25565"},"modified":"2025-11-20T16:45:47","modified_gmt":"2025-11-20T15:45:47","slug":"cultivate-net-zero-prime-au-niveau-europeen-une-fierte-pour-tereos","status":"publish","type":"press_release","link":"https:\/\/tereos.com\/fr\/communiques\/cultivate-net-zero-prime-au-niveau-europeen-une-fierte-pour-tereos\/","title":{"rendered":"Cultivate Net-Zero, prim\u00e9 au niveau europ\u00e9en : une fiert\u00e9 pour Tereos"},"author":2226,"featured_media":25569,"template":"","categories":[],"class_list":["post-25565","press_release","type-press_release","status-publish","has-post-thumbnail","hentry"],"acf":{"cover_image":25569,"cover_clone":{"cover_image":25569},"file":{"ID":25566,"id":25566,"title":"20251120_CP_Tereos_prix_COGECA","filename":"20251120-cp-tereos-prix-cogeca.pdf","filesize":525925,"url":"https:\/\/www.tereos.com\/app\/uploads\/2025\/11\/20251120-cp-tereos-prix-cogeca.pdf","link":"https:\/\/tereos.com\/fr\/communiques\/cultivate-net-zero-prime-au-niveau-europeen-une-fierte-pour-tereos\/20251120_cp_tereos_prix_cogeca\/","alt":"","author":"2226","description":"","caption":"","name":"20251120_cp_tereos_prix_cogeca","status":"inherit","uploaded_to":25565,"date":"2025-11-20 15:42:39","modified":"2025-11-20 15:42:39","menu_order":0,"mime_type":"application\/pdf","type":"application","subtype":"pdf","icon":"https:\/\/tereos.com\/wp\/wp-includes\/images\/media\/document.png"},"pdf_clone":{"file":{"ID":25566,"id":25566,"title":"20251120_CP_Tereos_prix_COGECA","filename":"20251120-cp-tereos-prix-cogeca.pdf","filesize":525925,"url":"https:\/\/www.tereos.com\/app\/uploads\/2025\/11\/20251120-cp-tereos-prix-cogeca.pdf","link":"https:\/\/tereos.com\/fr\/communiques\/cultivate-net-zero-prime-au-niveau-europeen-une-fierte-pour-tereos\/20251120_cp_tereos_prix_cogeca\/","alt":"","author":"2226","description":"","caption":"","name":"20251120_cp_tereos_prix_cogeca","status":"inherit","uploaded_to":25565,"date":"2025-11-20 15:42:39","modified":"2025-11-20 15:42:39","menu_order":0,"mime_type":"application\/pdf","type":"application","subtype":"pdf","icon":"https:\/\/tereos.com\/wp\/wp-includes\/images\/media\/document.png"}},"headline":"","headline_clone":{"headline":""},"has_anchors":false,"sections":false,"flexible_editorial_clone":{"has_anchors":false,"sections":false}},"yoast_head":"<!-- This site is optimized with the Yoast SEO plugin v23.7 - https:\/\/yoast.com\/wordpress\/plugins\/seo\/ -->\n<title>Cultivate Net-Zero, prim\u00e9 au niveau europ\u00e9en : une fiert\u00e9 pour Tereos - Tereos<\/title>\n<meta name=\"description\" content=\"Tereos vient de remporter, pour son offre Cultivate Net-Zero, le \u00ab 2025 Award for Outstanding Innovation in the field of Environmental Value Creation \u00bb et le prix sp\u00e9cial \u00ab Cr\u00e9ation de valeur environnementale \u00bb, la plus haute distinction dans cette cat\u00e9gorie.\" \/>\n<meta name=\"robots\" content=\"index, follow, max-snippet:-1, max-image-preview:large, max-video-preview:-1\" \/>\n<link rel=\"canonical\" href=\"https:\/\/tereos.com\/fr\/communiques\/cultivate-net-zero-prime-au-niveau-europeen-une-fierte-pour-tereos\/\" \/>\n<meta property=\"og:locale\" content=\"fr_FR\" \/>\n<meta property=\"og:type\" content=\"article\" \/>\n<meta property=\"og:title\" content=\"Cultivate Net-Zero, prim\u00e9 au niveau europ\u00e9en : une fiert\u00e9 pour Tereos - Tereos\" \/>\n<meta property=\"og:description\" content=\"Tereos vient de remporter, pour son offre Cultivate Net-Zero, le \u00ab 2025 Award for Outstanding Innovation in the field of Environmental Value Creation \u00bb et le prix sp\u00e9cial \u00ab Cr\u00e9ation de valeur environnementale \u00bb, la plus haute distinction dans cette cat\u00e9gorie.\" \/>\n<meta property=\"og:url\" content=\"https:\/\/tereos.com\/fr\/communiques\/cultivate-net-zero-prime-au-niveau-europeen-une-fierte-pour-tereos\/\" \/>\n<meta property=\"og:site_name\" content=\"Tereos\" \/>\n<meta property=\"og:image\" content=\"https:\/\/www.tereos.com\/app\/uploads\/2025\/11\/dsc-6913-scaled.jpg\" \/>\n\t<meta property=\"og:image:width\" content=\"2560\" \/>\n\t<meta property=\"og:image:height\" content=\"1707\" \/>\n\t<meta property=\"og:image:type\" content=\"image\/jpeg\" \/>\n<meta name=\"twitter:card\" content=\"summary_large_image\" \/>\n<script type=\"application\/ld+json\" class=\"yoast-schema-graph\">{\"@context\":\"https:\/\/schema.org\",\"@graph\":[{\"@type\":\"WebPage\",\"@id\":\"https:\/\/tereos.com\/fr\/communiques\/cultivate-net-zero-prime-au-niveau-europeen-une-fierte-pour-tereos\/\",\"url\":\"https:\/\/tereos.com\/fr\/communiques\/cultivate-net-zero-prime-au-niveau-europeen-une-fierte-pour-tereos\/\",\"name\":\"Cultivate Net-Zero, prim\u00e9 au niveau europ\u00e9en : une fiert\u00e9 pour Tereos - Tereos\",\"isPartOf\":{\"@id\":\"https:\/\/tereos.com\/en\/#website\"},\"primaryImageOfPage\":{\"@id\":\"https:\/\/tereos.com\/fr\/communiques\/cultivate-net-zero-prime-au-niveau-europeen-une-fierte-pour-tereos\/#primaryimage\"},\"image\":{\"@id\":\"https:\/\/tereos.com\/fr\/communiques\/cultivate-net-zero-prime-au-niveau-europeen-une-fierte-pour-tereos\/#primaryimage\"},\"thumbnailUrl\":\"https:\/\/www.tereos.com\/app\/uploads\/2025\/11\/dsc-6913-scaled.jpg\",\"datePublished\":\"2025-11-20T15:45:47+00:00\",\"dateModified\":\"2025-11-20T15:45:47+00:00\",\"description\":\"Tereos vient de remporter, pour son offre Cultivate Net-Zero, le \u00ab 2025 Award for Outstanding Innovation in the field of Environmental Value Creation \u00bb et le prix sp\u00e9cial \u00ab Cr\u00e9ation de valeur environnementale \u00bb, la plus haute distinction dans cette cat\u00e9gorie.\",\"breadcrumb\":{\"@id\":\"https:\/\/tereos.com\/fr\/communiques\/cultivate-net-zero-prime-au-niveau-europeen-une-fierte-pour-tereos\/#breadcrumb\"},\"inLanguage\":\"fr-FR\",\"potentialAction\":[{\"@type\":\"ReadAction\",\"target\":[\"https:\/\/tereos.com\/fr\/communiques\/cultivate-net-zero-prime-au-niveau-europeen-une-fierte-pour-tereos\/\"]}]},{\"@type\":\"ImageObject\",\"inLanguage\":\"fr-FR\",\"@id\":\"https:\/\/tereos.com\/fr\/communiques\/cultivate-net-zero-prime-au-niveau-europeen-une-fierte-pour-tereos\/#primaryimage\",\"url\":\"https:\/\/www.tereos.com\/app\/uploads\/2025\/11\/dsc-6913-scaled.jpg\",\"contentUrl\":\"https:\/\/www.tereos.com\/app\/uploads\/2025\/11\/dsc-6913-scaled.jpg\",\"width\":2560,\"height\":1707},{\"@type\":\"BreadcrumbList\",\"@id\":\"https:\/\/tereos.com\/fr\/communiques\/cultivate-net-zero-prime-au-niveau-europeen-une-fierte-pour-tereos\/#breadcrumb\",\"itemListElement\":[{\"@type\":\"ListItem\",\"position\":1,\"name\":\"Home\",\"item\":\"https:\/\/tereos.com\/fr\/\"},{\"@type\":\"ListItem\",\"position\":2,\"name\":\"Cultivate Net-Zero, prim\u00e9 au niveau europ\u00e9en : une fiert\u00e9 pour Tereos\"}]},{\"@type\":\"WebSite\",\"@id\":\"https:\/\/tereos.com\/en\/#website\",\"url\":\"https:\/\/tereos.com\/en\/\",\"name\":\"Tereos\",\"description\":\"Un site utilisant WordPress\",\"potentialAction\":[{\"@type\":\"SearchAction\",\"target\":{\"@type\":\"EntryPoint\",\"urlTemplate\":\"https:\/\/tereos.com\/en\/?s={search_term_string}\"},\"query-input\":{\"@type\":\"PropertyValueSpecification\",\"valueRequired\":true,\"valueName\":\"search_term_string\"}}],\"inLanguage\":\"fr-FR\"}]}<\/script>\n<!-- \/ Yoast SEO plugin. -->","yoast_head_json":{"title":"Cultivate Net-Zero, prim\u00e9 au niveau europ\u00e9en : une fiert\u00e9 pour Tereos - Tereos","description":"Tereos vient de remporter, pour son offre Cultivate Net-Zero, le \u00ab 2025 Award for Outstanding Innovation in the field of Environmental Value Creation \u00bb et le prix sp\u00e9cial \u00ab Cr\u00e9ation de valeur environnementale \u00bb, la plus haute distinction dans cette cat\u00e9gorie.","robots":{"index":"index","follow":"follow","max-snippet":"max-snippet:-1","max-image-preview":"max-image-preview:large","max-video-preview":"max-video-preview:-1"},"canonical":"https:\/\/tereos.com\/fr\/communiques\/cultivate-net-zero-prime-au-niveau-europeen-une-fierte-pour-tereos\/","og_locale":"fr_FR","og_type":"article","og_title":"Cultivate Net-Zero, prim\u00e9 au niveau europ\u00e9en : une fiert\u00e9 pour Tereos - Tereos","og_description":"Tereos vient de remporter, pour son offre Cultivate Net-Zero, le \u00ab 2025 Award for Outstanding Innovation in the field of Environmental Value Creation \u00bb et le prix sp\u00e9cial \u00ab Cr\u00e9ation de valeur environnementale \u00bb, la plus haute distinction dans cette cat\u00e9gorie.","og_url":"https:\/\/tereos.com\/fr\/communiques\/cultivate-net-zero-prime-au-niveau-europeen-une-fierte-pour-tereos\/","og_site_name":"Tereos","og_image":[{"width":2560,"height":1707,"url":"https:\/\/www.tereos.com\/app\/uploads\/2025\/11\/dsc-6913-scaled.jpg","type":"image\/jpeg"}],"twitter_card":"summary_large_image","schema":{"@context":"https:\/\/schema.org","@graph":[{"@type":"WebPage","@id":"https:\/\/tereos.com\/fr\/communiques\/cultivate-net-zero-prime-au-niveau-europeen-une-fierte-pour-tereos\/","url":"https:\/\/tereos.com\/fr\/communiques\/cultivate-net-zero-prime-au-niveau-europeen-une-fierte-pour-tereos\/","name":"Cultivate Net-Zero, prim\u00e9 au niveau europ\u00e9en : une fiert\u00e9 pour Tereos - Tereos","isPartOf":{"@id":"https:\/\/tereos.com\/en\/#website"},"primaryImageOfPage":{"@id":"https:\/\/tereos.com\/fr\/communiques\/cultivate-net-zero-prime-au-niveau-europeen-une-fierte-pour-tereos\/#primaryimage"},"image":{"@id":"https:\/\/tereos.com\/fr\/communiques\/cultivate-net-zero-prime-au-niveau-europeen-une-fierte-pour-tereos\/#primaryimage"},"thumbnailUrl":"https:\/\/www.tereos.com\/app\/uploads\/2025\/11\/dsc-6913-scaled.jpg","datePublished":"2025-11-20T15:45:47+00:00","dateModified":"2025-11-20T15:45:47+00:00","description":"Tereos vient de remporter, pour son offre Cultivate Net-Zero, le \u00ab 2025 Award for Outstanding Innovation in the field of Environmental Value Creation \u00bb et le prix sp\u00e9cial \u00ab Cr\u00e9ation de valeur environnementale \u00bb, la plus haute distinction dans cette cat\u00e9gorie.","breadcrumb":{"@id":"https:\/\/tereos.com\/fr\/communiques\/cultivate-net-zero-prime-au-niveau-europeen-une-fierte-pour-tereos\/#breadcrumb"},"inLanguage":"fr-FR","potentialAction":[{"@type":"ReadAction","target":["https:\/\/tereos.com\/fr\/communiques\/cultivate-net-zero-prime-au-niveau-europeen-une-fierte-pour-tereos\/"]}]},{"@type":"ImageObject","inLanguage":"fr-FR","@id":"https:\/\/tereos.com\/fr\/communiques\/cultivate-net-zero-prime-au-niveau-europeen-une-fierte-pour-tereos\/#primaryimage","url":"https:\/\/www.tereos.com\/app\/uploads\/2025\/11\/dsc-6913-scaled.jpg","contentUrl":"https:\/\/www.tereos.com\/app\/uploads\/2025\/11\/dsc-6913-scaled.jpg","width":2560,"height":1707},{"@type":"BreadcrumbList","@id":"https:\/\/tereos.com\/fr\/communiques\/cultivate-net-zero-prime-au-niveau-europeen-une-fierte-pour-tereos\/#breadcrumb","itemListElement":[{"@type":"ListItem","position":1,"name":"Home","item":"https:\/\/tereos.com\/fr\/"},{"@type":"ListItem","position":2,"name":"Cultivate Net-Zero, prim\u00e9 au niveau europ\u00e9en : une fiert\u00e9 pour Tereos"}]},{"@type":"WebSite","@id":"https:\/\/tereos.com\/en\/#website","url":"https:\/\/tereos.com\/en\/","name":"Tereos","description":"Un site utilisant WordPress","potentialAction":[{"@type":"SearchAction","target":{"@type":"EntryPoint","urlTemplate":"https:\/\/tereos.com\/en\/?s={search_term_string}"},"query-input":{"@type":"PropertyValueSpecification","valueRequired":true,"valueName":"search_term_string"}}],"inLanguage":"fr-FR"}]}},"featured_media_src":"https:\/\/www.tereos.com\/app\/uploads\/2025\/11\/dsc-6913-scaled-520x390-c-default.jpg","date_formatted":"20 novembre 2025 ","_links":{"self":[{"href":"https:\/\/tereos.com\/fr\/wp-json\/wp\/v2\/press-release\/25565"}],"collection":[{"href":"https:\/\/tereos.com\/fr\/wp-json\/wp\/v2\/press-release"}],"about":[{"href":"https:\/\/tereos.com\/fr\/wp-json\/wp\/v2\/types\/press_release"}],"author":[{"embeddable":true,"href":"https:\/\/tereos.com\/fr\/wp-json\/wp\/v2\/users\/2226"}],"version-history":[{"count":1,"href":"https:\/\/tereos.com\/fr\/wp-json\/wp\/v2\/press-release\/25565\/revisions"}],"predecessor-version":[{"id":25572,"href":"https:\/\/tereos.com\/fr\/wp-json\/wp\/v2\/press-release\/25565\/revisions\/25572"}],"wp:featuredmedia":[{"embeddable":true,"href":"https:\/\/tereos.com\/fr\/wp-json\/wp\/v2\/media\/25569"}],"wp:attachment":[{"href":"https:\/\/tereos.com\/fr\/wp-json\/wp\/v2\/media?parent=25565"}],"wp:term":[{"taxonomy":"category","embeddable":true,"href":"https:\/\/tereos.com\/fr\/wp-json\/wp\/v2\/categories?post=25565"}],"curies":[{"name":"wp","href":"https:\/\/api.w.org\/{rel}","templated":true}]}}